{"id":10479,"date":"2017-10-06T09:14:38","date_gmt":"2017-10-06T07:14:38","guid":{"rendered":"http:\/\/www.jastrzebie.lask.com.pl\/?p=10479"},"modified":"2017-10-09T08:15:03","modified_gmt":"2017-10-09T06:15:03","slug":"podsumowanie-jastrzebiowych-wyscigow-dla-dzieci-i-mlodziezy","status":"publish","type":"post","link":"https:\/\/www.jastrzebie.lask.com.pl\/index.php\/2017\/10\/podsumowanie-jastrzebiowych-wyscigow-dla-dzieci-i-mlodziezy\/","title":{"rendered":"Podsumowanie &#8222;Jastrz\u0119biowych wy\u015bcig\u00f3w dla dzieci i m\u0142odzie\u017cy&#8221;"},"content":{"rendered":"<p><a href=\"http:\/\/www.jastrzebie.lask.com.pl\/wp-content\/uploads\/2017\/10\/DSC_7519.jpg\"><img loading=\"lazy\" decoding=\"async\" class=\"alignleft size-medium wp-image-10481\" src=\"http:\/\/www.jastrzebie.lask.com.pl\/wp-content\/uploads\/2017\/10\/DSC_7519-199x300.jpg\" alt=\"DSC_7519\" width=\"199\" height=\"300\" srcset=\"https:\/\/www.jastrzebie.lask.com.pl\/wp-content\/uploads\/2017\/10\/DSC_7519-199x300.jpg 199w, https:\/\/www.jastrzebie.lask.com.pl\/wp-content\/uploads\/2017\/10\/DSC_7519-768x1155.jpg 768w, https:\/\/www.jastrzebie.lask.com.pl\/wp-content\/uploads\/2017\/10\/DSC_7519-681x1024.jpg 681w, https:\/\/www.jastrzebie.lask.com.pl\/wp-content\/uploads\/2017\/10\/DSC_7519-133x200.jpg 133w, https:\/\/www.jastrzebie.lask.com.pl\/wp-content\/uploads\/2017\/10\/DSC_7519.jpg 2000w\" sizes=\"auto, (max-width: 199px) 100vw, 199px\" \/><\/a><\/p>\n<p>\u201eJastrz\u0119biowe wy\u015bcigi\u201d dla dzieci i m\u0142odzie\u017cy \u2013 impreza pod patronatem Przewodnicz\u0105cego Rady Powiatu w \u0141asku i Burmistrza \u0141asku \u2013 przebieg\u0142a w jesiennej aurze. Pogoda nie zniech\u0119ci\u0142a kilkudziesi\u0119ciu zawodnik\u00f3w, a zw\u0142aszcza ich Rodzic\u00f3w, kt\u00f3rzy zgodnie z regulaminem musieli im towarzyszy\u0107 . Rywalizacja odbywa\u0142a si\u0119 w sportowej atmosferze przy dopingu i niezb\u0119dnym wsparciu (zw\u0142aszcza najm\u0142odszych kolarzy) ze strony Rodzic\u00f3w. Gor\u0105c\u0105 czekolad\u0105 uraczy\u0142a kolarzy firma \u201eKoreb\u201d z \u0141asku, a wszystkich uczestnik\u00f3w imprezy chlebem z firmowym smalcem cz\u0119stowa\u0142a firma \u201eGrzegorz K\u0119pa\u201d z Czestkowa.<\/p>\n<p>Zwyci\u0119zcy poszczeg\u00f3lnych kategorii zostali nagrodzeni pucharami ufundowanymi przez Centrum Sportu i Rekreacji w \u0141asku, a wszyscy uczestnicy otrzymali pami\u0105tkowe medale.<\/p>\n<p>Po zako\u0144czeniu zawod\u00f3w wszyscy uczestnicy \u00a0mogli przebiera\u0107 i wybiera\u0107 upominki ufundowane przez g\u0142\u00f3wnego sponsora \u2013 Pana Wojciecha B\u0105ka, prezesa firmy \u201eSpedimex\u201d \u2013 oraz przez firm\u0119 \u201eSkoda\u201d Bednarek. Trofea i upominki zawodnicy zapakowali do praktycznych plecak\u00f3w podarowanych im przez firm\u0119 \u201eSoligrano\u201d. Przeja\u017cd\u017ck\u0119 pojazdem konnym wszystkim ch\u0119tnym zafundowa\u0142 Pan Wojciech B\u0105k.<\/p>\n<p>W imieniu wszystkich uczestnik\u00f3w\u00a0 oraz Klubu Rowerowego Jastrz\u0119bie \u0141askie serdecznie dzi\u0119kujemy za pomoc w zorganizowaniu imprezy oraz za wsparcie finansowe wszystkim wymienionym osobom i instytucjom<\/p>\n<p>Jako organizatorzy deklarujemy \u2013 w roku 2018 podobne zawody odb\u0119d\u0105 si\u0119 na pocz\u0105tku wrze\u015bnia, a o szczeg\u00f3\u0142ach powiadomimy w stosownym czasie.<\/p>\n<p>Zwyci\u0119zcy poszczeg\u00f3lnych kategorii \u201eJastrz\u0119biowych wy\u015bcig\u00f3w\u201d:<\/p>\n<p>Kategoria do 5 lat<\/p>\n<ol>\n<li>Amelia Jaworska<\/li>\n<li>Mieszko Rynkiewicz<\/li>\n<li>Zuzanna \u015awierczy\u0144ska<\/li>\n<\/ol>\n<p>Kategoria 6-8 lat<\/p>\n<ol>\n<li>Kordian Stanis\u0142awski<\/li>\n<li>Jan Wasilewski<\/li>\n<li>Jakub Furma\u0144ski<\/li>\n<\/ol>\n<p>Kategoria 9-10 lat<\/p>\n<ol>\n<li>Kacper Kulik<\/li>\n<li>Franciszek Rynkiewicz<\/li>\n<li>Dawid Grzanka<\/li>\n<\/ol>\n<p>Kategoria 11-12 lat<\/p>\n<ol>\n<li>Szymon Kosu\u0144<\/li>\n<li>Karolina Adamkiewicz<\/li>\n<li>Maja Kopycka<\/li>\n<\/ol>\n<p>Kategoria 13-15 lat<\/p>\n<ol>\n<li>Micha\u0142 G\u0142owik<\/li>\n<li>Sebastian Korcewicz<\/li>\n<li>Filip Przybylski<\/li>\n<\/ol>\n<p>&nbsp;<\/p>\n","protected":false},"excerpt":{"rendered":"<p>\u201eJastrz\u0119biowe wy\u015bcigi\u201d dla dzieci i m\u0142odzie\u017cy \u2013 impreza pod patronatem Przewodnicz\u0105cego Rady Powiatu w \u0141asku i Burmistrza \u0141asku \u2013 przebieg\u0142a w jesiennej aurze. Pogoda nie zniech\u0119ci\u0142a kilkudziesi\u0119ciu zawodnik\u00f3w, a zw\u0142aszcza ich Rodzic\u00f3w, kt\u00f3rzy zgodnie z regulaminem musieli im towarzyszy\u0107 . &hellip; <a href=\"https:\/\/www.jastrzebie.lask.com.pl\/index.php\/2017\/10\/podsumowanie-jastrzebiowych-wyscigow-dla-dzieci-i-mlodziezy\/\">Czytaj dalej <span class=\"meta-nav\">&rarr;<\/span><\/a><\/p>\n","protected":false},"author":7600,"featured_media":0,"comment_status":"open","ping_status":"open","sticky":false,"template":"","format":"standard","meta":{"footnotes":""},"categories":[1],"tags":[],"class_list":["post-10479","post","type-post","status-publish","format-standard","hentry","category-bez-kategorii"],"_links":{"self":[{"href":"https:\/\/www.jastrzebie.lask.com.pl\/index.php\/wp-json\/wp\/v2\/posts\/10479","targetHints":{"allow":["GET"]}}],"collection":[{"href":"https:\/\/www.jastrzebie.lask.com.pl\/index.php\/wp-json\/wp\/v2\/posts"}],"about":[{"href":"https:\/\/www.jastrzebie.lask.com.pl\/index.php\/wp-json\/wp\/v2\/types\/post"}],"author":[{"embeddable":true,"href":"https:\/\/www.jastrzebie.lask.com.pl\/index.php\/wp-json\/wp\/v2\/users\/7600"}],"replies":[{"embeddable":true,"href":"https:\/\/www.jastrzebie.lask.com.pl\/index.php\/wp-json\/wp\/v2\/comments?post=10479"}],"version-history":[{"count":4,"href":"https:\/\/www.jastrzebie.lask.com.pl\/index.php\/wp-json\/wp\/v2\/posts\/10479\/revisions"}],"predecessor-version":[{"id":10484,"href":"https:\/\/www.jastrzebie.lask.com.pl\/index.php\/wp-json\/wp\/v2\/posts\/10479\/revisions\/10484"}],"wp:attachment":[{"href":"https:\/\/www.jastrzebie.lask.com.pl\/index.php\/wp-json\/wp\/v2\/media?parent=10479"}],"wp:term":[{"taxonomy":"category","embeddable":true,"href":"https:\/\/www.jastrzebie.lask.com.pl\/index.php\/wp-json\/wp\/v2\/categories?post=10479"},{"taxonomy":"post_tag","embeddable":true,"href":"https:\/\/www.jastrzebie.lask.com.pl\/index.php\/wp-json\/wp\/v2\/tags?post=10479"}],"curies":[{"name":"wp","href":"https:\/\/api.w.org\/{rel}","templated":true}]}}