{"id":10505,"date":"2018-01-03T13:33:40","date_gmt":"2018-01-03T11:33:40","guid":{"rendered":"http:\/\/www.jastrzebie.lask.com.pl\/?p=10505"},"modified":"2018-01-29T23:25:14","modified_gmt":"2018-01-29T21:25:14","slug":"komunikat-w-sprawie-pucharu-polski","status":"publish","type":"post","link":"https:\/\/www.jastrzebie.lask.com.pl\/index.php\/2018\/01\/komunikat-w-sprawie-pucharu-polski\/","title":{"rendered":"Komunikat w sprawie Pucharu Polski"},"content":{"rendered":"<p>Szanowni Pa\u0144stwo!<\/p>\n<p>Mia\u0142em ograniczy\u0107 si\u0119 do \u017cycze\u0144 Noworocznych, ale ostatnie dzia\u0142ania Marka Zadwornego z Gryfic wymuszaj\u0105 na mnie wyja\u015bnienie Pa\u0144stwu dziwnej sytuacji, o kt\u00f3rej mo\u017cna przeczyta\u0107 w internetowych mediach.<\/p>\n<p>Zanim jednak wyja\u015bni\u0119 przyczyny nieporozumie\u0144, spiesz\u0119 poinformowa\u0107 Pa\u0144stwa, \u017ce Puchar Polski w Szosowych Maratonach Rowerowych 2018 odb\u0119dzie si\u0119 na zasadach dotychczasowych. Nie mo\u017cemy zgodzi\u0107 si\u0119 na dezorganizacj\u0119, kt\u00f3rej efektem b\u0119dzie rozwi\u0105zanie cyklu.<\/p>\n<p>W dniu 7 pa\u017adziernika 2017 roku w Wolsztynie przedstawiciele klub\u00f3w organizuj\u0105cych maratony w: Ziele\u0144cu, Radkowie, Lw\u00f3wku \u015al. (obecnie w Lubomierzu), \u0141asku, \u015aremie, Niet\u0105\u017ckowie, Wolsztynie, Obornikach, Choszcznie, Nowogardzie, Gryficach i Rewalu podpisali Umow\u0119 o Wsp\u00f3\u0142pracy. Umowa ta reguluje podstawowe prawa i obowi\u0105zki poszczeg\u00f3lnych organizator\u00f3w maraton\u00f3w, kt\u00f3re odbywaj\u0105 si\u0119 w naszym cyklu. Za\u0142\u0105cznikiem nr 1 do umowy jest Regulamin Pucharu Polski w Szosowych Maratonach Rowerowych. Regulamin jest praktycznie powieleniem regulamin\u00f3w z lat ostatnich. Istotn\u0105 w tym miejscu informacj\u0105 jest fakt, \u017ce regulamin w przyj\u0119tej formie jest wynikiem kompromisu. Ka\u017cdy z przedstawicieli ma swoje koncepcje i pomys\u0142y, ale ich przyj\u0119cie do realizacji wymaga uzyskania zgody wi\u0119kszo\u015bci. Bazujemy g\u0142\u00f3wnie na do\u015bwiadczeniach wyniesionych z przeprowadzonych przez lata maraton\u00f3w oraz na uwagach ze strony uczestnik\u00f3w.<\/p>\n<p>Na wspomnianym spotkaniu organizacyjnym wst\u0119pnie ustalili\u015bmy kalendarz imprez w roku 2018 oraz wybrali\u015bmy ze swojego grona osoby, kt\u00f3re maj\u0105 opiekowa\u0107 si\u0119 administracyjn\u0105 stron\u0105 cyklu. Do tzw. Zarz\u0105du Cyklu na rok 2018 jednog\u0142o\u015bnie wybrano: Natali\u0119 Przybylak (Niet\u0105\u017ckowo), Marka Zadwornego (Gryfice) oraz Paw\u0142a Cichego (\u0141ask) &#8211; jako \u201ecia\u0142o\u201d kolegialne. \u017badna z tych os\u00f3b nie ma prawa do jednoosobowego podejmowania kluczowych dla cyklu decyzji, w tym dotycz\u0105cych regulaminu, udzia\u0142u w cyklu itp. Poniewa\u017c wszyscy uczestnicy Pucharu s\u0105 r\u00f3wni i maj\u0105 r\u00f3wne prawa, decyzje istotne mog\u0105 by\u0107 podejmowane tylko w trybie g\u0142osowania.<\/p>\n<p>Dok\u0142adamy stara\u0144, aby nasze maratony by\u0142y jak najbardziej \u201eprzyjazne\u201d dla jak najwi\u0119kszej rzeszy kolarzy amator\u00f3w. Zar\u00f3wno tych prawie \u201ezawodowc\u00f3w\u201d jak i tych \u201eniedzielnych\u201d, dla m\u0142odzie\u017cy kolarskiej i dla \u201edziadk\u00f3w\u201d, dla Pa\u0144 i Pan\u00f3w itd. Sami Pa\u0144stwo widzicie \u2013 \u0142atwo nie jest.<\/p>\n<p>Z wielk\u0105 przykro\u015bci\u0105 obserwuj\u0119 dzia\u0142ania Marka Zadwornego, kt\u00f3ry pr\u00f3buje jednoosobowo zarz\u0105dza\u0107 swoim prywatnym Pucharem Polski. By\u0107 mo\u017ce uwa\u017ca, \u017ce skoro jest administratorem naszej strony internetowej, mo\u017ce sam podejmowa\u0107 wszystkie decyzje nie licz\u0105c si\u0119 z innymi. Nie ja jeden pr\u00f3buj\u0119 Markowi u\u015bwiadomi\u0107, \u017ce to co robi jest zwyczajnie nieuczciwe w stosunku do pozosta\u0142ych organizator\u00f3w jak i wszystkich bior\u0105cych udzia\u0142 w naszym cyklu. Jak na razie niestety bezskutecznie.<\/p>\n<p>Dlatego te\u017c w najbli\u017cszym czasie b\u0119dziemy musieli sformalizowa\u0107 prawnie zasady funkcjonowania naszego cyklu dla unikni\u0119cia w przysz\u0142o\u015bci tego rodzaju \u201drebelii\u201d. Oczywi\u015bcie dzia\u0142ania te podj\u0119te zostan\u0105 zgodnie z obowi\u0105zuj\u0105c\u0105 nadal Umow\u0105 o Wsp\u00f3\u0142pracy jak\u0105 zawarli\u015bmy w Wolsztynie.<\/p>\n<p>W najbli\u017cszych dniach mam nadziej\u0119 uruchomi\u0107 stron\u0119 internetow\u0105 prawnie przypisan\u0105 do ka\u017cdorazowych organizator\u00f3w cyklu (co roku sk\u0142ad si\u0119 nieco zmienia), bez mo\u017cliwo\u015bci \u201ezaw\u0142adni\u0119cia\u201d przez jedn\u0105 osob\u0119. Domena przypisana zostanie do stowarzyszenia zarz\u0105dzaj\u0105cego cyklem.<\/p>\n<p>Troch\u0119 to wszystko komplikuje organizacyjn\u0105 stron\u0119 naszych dzia\u0142a\u0144 (i niestety podnosi ich koszty), ale jak wida\u0107 umawianie si\u0119 \u201ena s\u0142owo\u201d w naszym przypadku zawiod\u0142o. Liczymy r\u00f3wnie\u017c na aktywniejszy udzia\u0142 w naszych dzia\u0142aniach organizacyjnych uczestnik\u00f3w naszej zabawy, bo w ko\u0144cu Oni s\u0105 najwa\u017cniejsi.<\/p>\n<p>Prawdopodobnie Marek Zadworny spowoduje, \u017ce w 2018 roku b\u0119dzie mniej maraton\u00f3w zaliczanych do cyklu, ale za to zapewniamy Pa\u0144stwa, \u017ce do\u0142o\u017cymy wszelkich stara\u0144, aby ich poziom by\u0142 jak najlepszy, tak aby\u015bmy wszyscy &#8211; i uczestnicy, i organizatorzy mieli satysfakcj\u0119 i poczucie dumy, \u017ce bierzemy udzia\u0142 w czym\u015b naprawd\u0119 fajnym i \u017ce \u015brodowisko kolarzy amator\u00f3w pozostanie grup\u0105 ludzi, z kt\u00f3rymi spotykamy si\u0119 z przyjemno\u015bci\u0105, z kt\u00f3rymi mo\u017cna po\u017cartowa\u0107 w trakcie wy\u015bcigu, z kt\u00f3rymi \u201erywalizacja\u201d jest elementem zabawy.<\/p>\n<p>Prosz\u0119 mi wierzy\u0107 \u2013 nie ja jeden chcia\u0142bym aby na Pomorzu, a szczeg\u00f3lnie w okolicach Gryfic, Nowogardu i Stargardu odby\u0142y si\u0119 maratony w kt\u00f3rych warto wzi\u0105\u0107 udzia\u0142.<\/p>\n<p>\u017bycz\u0105c Pa\u0144stwu sukces\u00f3w w nowym roku 2018<br \/>\nSerdecznie pozdrawiam<br \/>\ni do zobaczenia na trasach maraton\u00f3w<\/p>\n<p style=\"text-align: right;\">z powa\u017caniem, za Zarz\u0105d Cyklu:<br \/>\nNatalia Przybylak<br \/>\nPawe\u0142 Cichy<\/p>\n","protected":false},"excerpt":{"rendered":"<p>Szanowni Pa\u0144stwo! Mia\u0142em ograniczy\u0107 si\u0119 do \u017cycze\u0144 Noworocznych, ale ostatnie dzia\u0142ania Marka Zadwornego z Gryfic wymuszaj\u0105 na mnie wyja\u015bnienie Pa\u0144stwu dziwnej sytuacji, o kt\u00f3rej mo\u017cna przeczyta\u0107 w internetowych mediach. Zanim jednak wyja\u015bni\u0119 przyczyny nieporozumie\u0144, spiesz\u0119 poinformowa\u0107 Pa\u0144stwa, \u017ce Puchar Polski &hellip; <a href=\"https:\/\/www.jastrzebie.lask.com.pl\/index.php\/2018\/01\/komunikat-w-sprawie-pucharu-polski\/\">Czytaj dalej <span class=\"meta-nav\">&rarr;<\/span><\/a><\/p>\n","protected":false},"author":1,"featured_media":0,"comment_status":"open","ping_status":"open","sticky":false,"template":"","format":"standard","meta":{"footnotes":""},"categories":[1],"tags":[],"class_list":["post-10505","post","type-post","status-publish","format-standard","hentry","category-bez-kategorii"],"_links":{"self":[{"href":"https:\/\/www.jastrzebie.lask.com.pl\/index.php\/wp-json\/wp\/v2\/posts\/10505","targetHints":{"allow":["GET"]}}],"collection":[{"href":"https:\/\/www.jastrzebie.lask.com.pl\/index.php\/wp-json\/wp\/v2\/posts"}],"about":[{"href":"https:\/\/www.jastrzebie.lask.com.pl\/index.php\/wp-json\/wp\/v2\/types\/post"}],"author":[{"embeddable":true,"href":"https:\/\/www.jastrzebie.lask.com.pl\/index.php\/wp-json\/wp\/v2\/users\/1"}],"replies":[{"embeddable":true,"href":"https:\/\/www.jastrzebie.lask.com.pl\/index.php\/wp-json\/wp\/v2\/comments?post=10505"}],"version-history":[{"count":1,"href":"https:\/\/www.jastrzebie.lask.com.pl\/index.php\/wp-json\/wp\/v2\/posts\/10505\/revisions"}],"predecessor-version":[{"id":10506,"href":"https:\/\/www.jastrzebie.lask.com.pl\/index.php\/wp-json\/wp\/v2\/posts\/10505\/revisions\/10506"}],"wp:attachment":[{"href":"https:\/\/www.jastrzebie.lask.com.pl\/index.php\/wp-json\/wp\/v2\/media?parent=10505"}],"wp:term":[{"taxonomy":"category","embeddable":true,"href":"https:\/\/www.jastrzebie.lask.com.pl\/index.php\/wp-json\/wp\/v2\/categories?post=10505"},{"taxonomy":"post_tag","embeddable":true,"href":"https:\/\/www.jastrzebie.lask.com.pl\/index.php\/wp-json\/wp\/v2\/tags?post=10505"}],"curies":[{"name":"wp","href":"https:\/\/api.w.org\/{rel}","templated":true}]}}