{"id":10667,"date":"2019-05-16T15:51:49","date_gmt":"2019-05-16T13:51:49","guid":{"rendered":"http:\/\/www.jastrzebie.lask.com.pl\/?p=10667"},"modified":"2019-05-30T08:52:23","modified_gmt":"2019-05-30T06:52:23","slug":"supermaraton-aktualnosci","status":"publish","type":"post","link":"https:\/\/www.jastrzebie.lask.com.pl\/index.php\/2019\/05\/supermaraton-aktualnosci\/","title":{"rendered":"Supermaraton &#8211; aktualno\u015bci"},"content":{"rendered":"<p>Szanowni Pa\u0144stwo!<br \/>\nUprzejmie przypominamy, \u017ce tylko do dnia 24 maja (do godz. 24.00) mo\u017cliwa b\u0119dzie elektroniczna rejestracja udzia\u0142u w IX Supermaratonie Jastrz\u0119bi \u0141askich. R\u00f3wnie\u017c po tym terminie nie b\u0119dzie mo\u017cna (nie b\u0119dzie honorowany) dokona\u0107 przelewu op\u0142aty startowej. Bardzo prosimy mi\u0119dzy 25.05 a 1.06 nie wymusza\u0107 na nas robienia wyj\u0105tk\u00f3w bez wzgl\u0119du na okoliczno\u015bci\u2026<br \/>\nDla os\u00f3b kt\u00f3re po dniu 24 maja podejm\u0105 decyzj\u0119 o starcie w naszym maratonie pozostanie jedynie rejestracja w biurze zawod\u00f3w w sobot\u0119 przed startem od godz. 18,00 do 21,00 lub w dniu startu (minimum godzin\u0119 wcze\u015bniej). Niestety zwi\u0105zane to jest ze znacznym podniesieniem kwoty op\u0142at (zgodnie z Komunikatem technicznym). W biurze zawod\u00f3w op\u0142aty mo\u017cemy przyj\u0105\u0107 jedynie w formie got\u00f3wki za potwierdzeniem Kp.<\/p>\n<p>Zam\u00f3wili\u015bmy dla uczestnik\u00f3w mi\u0119dzy innymi okoliczno\u015bciowe T-shirty z logotypami g\u0142\u00f3wnych sponsor\u00f3w (poni\u017cej uzgodniony projekt) i bardzo si\u0119 zmartwimy, je\u017celi dla os\u00f3b zapisuj\u0105cych si\u0119 w ostatniej chwili zabraknie koszulek. Prosimy r\u00f3wnie\u017c o wyrozumia\u0142o\u015b\u0107, je\u017celi nie wszyscy otrzymaj\u0105 idealny rozmiar \u2013 zam\u00f3wienie musieli\u015bmy potwierdzi\u0107 ju\u017c teraz, a zapisanych jest jak s\u0105dzimy 60-70% wszystkich.<\/p>\n<div id=\"attachment_10668\" style=\"width: 257px\" class=\"wp-caption aligncenter\"><a href=\"http:\/\/www.jastrzebie.lask.com.pl\/wp-content\/uploads\/2019\/05\/wizualizacja-Jastrz\u0119bie-2019-spedimex.jpg\"><img loading=\"lazy\" decoding=\"async\" aria-describedby=\"caption-attachment-10668\" class=\"size-medium wp-image-10668\" src=\"http:\/\/www.jastrzebie.lask.com.pl\/wp-content\/uploads\/2019\/05\/wizualizacja-Jastrz\u0119bie-2019-spedimex-247x300.jpg\" alt=\"projekt koszulki dla uczestnik\u00f3w 2019\" width=\"247\" height=\"300\" srcset=\"https:\/\/www.jastrzebie.lask.com.pl\/wp-content\/uploads\/2019\/05\/wizualizacja-Jastrz\u0119bie-2019-spedimex-247x300.jpg 247w, https:\/\/www.jastrzebie.lask.com.pl\/wp-content\/uploads\/2019\/05\/wizualizacja-Jastrz\u0119bie-2019-spedimex-768x934.jpg 768w, https:\/\/www.jastrzebie.lask.com.pl\/wp-content\/uploads\/2019\/05\/wizualizacja-Jastrz\u0119bie-2019-spedimex-842x1024.jpg 842w, https:\/\/www.jastrzebie.lask.com.pl\/wp-content\/uploads\/2019\/05\/wizualizacja-Jastrz\u0119bie-2019-spedimex-164x200.jpg 164w\" sizes=\"auto, (max-width: 247px) 100vw, 247px\" \/><\/a><p id=\"caption-attachment-10668\" class=\"wp-caption-text\">projekt koszulki dla uczestnik\u00f3w &#8211; 2019<\/p><\/div>\n<p>Uwaga organizacyjna! Planujemy korekt\u0119 w harmonogramie imprezy. Godziny startu poszczeg\u00f3lnych grup pozostaj\u0105 bez zmian, natomiast dla uczestnik\u00f3w z dystansu Rodzinno-Towarzyskiego uroczyste zako\u0144czenie rozpoczniemy o godzinie 13,45. Licz\u0105c przeci\u0119tne tempo najm\u0142odszych uczestnik\u00f3w na poziomie 10 km\/h, dodaj\u0105c do tego wsparcie opiekun\u00f3w s\u0105dzimy, \u017ce po godzinie 13 prawie wszyscy zd\u0105\u017c\u0105 ju\u017c w szkolnej sto\u0142\u00f3wce zje\u015b\u0107 ciep\u0142y posi\u0142ek. W tym roku zamiast udzia\u0142u w ko\u0144cz\u0105cym maraton konkursie z upominkami KA\u017bDY uczestnik dystansu Rodzinno-Towarzyskiego otrzyma upominek.<\/p>\n<p>Jak Pa\u0144stwo z pewno\u015bci\u0105 zauwa\u017cyli w tym roku zmienili\u015bmy tras\u0119 dystans\u00f3w pucharowych. Wynika to nie tylko z ch\u0119ci omini\u0119cia przejazdu kolejowego w Chociwiu. Nieco dalej prowadzone s\u0105 roboty drogowe i ruch odbywa si\u0119 w szczeg\u00f3lnych warunkach \u2013 wahad\u0142owo. Nowa trasa jest nie mniej ciekawa. W trakcie odprawy technicznej na kt\u00f3r\u0105 zapraszamy w sobot\u0119 o godz. 20,00 om\u00f3wimy szczeg\u00f3\u0142y z tym zwi\u0105zane, ale ju\u017c teraz mog\u0119 poinformowa\u0107 o starannym oznakowaniu i jednocze\u015bnie ustawieniu dodatkowych punkt\u00f3w kontrolnych pomagaj\u0105cych \u201ezb\u0142\u0105kanym\u201d kolarzom. W uczciwym wsp\u00f3\u0142zawodnictwie pomog\u0105 nam r\u00f3wnie\u017c komisarze na motocyklach.<br \/>\nWszystkich ch\u0119tnych zapraszamy na objazd trasy w dniu 26 maja. Start przed \u0141DK w \u0141asku o godzinie 10,00 \u2013 oczywi\u015bcie o ile pogoda nie sprawi jakiej\u015b niemi\u0142ej niespodzianki typu burza \u015bnie\u017cna.<\/p>\n<p>Zapraszamy serdecznie do wsp\u00f3lnej ZABAWY w kolarstwo \u2013 z u\u015bmiechem jedzie si\u0119 przyjemniej\ud83d\ude0a<\/p>\n<p>Z pozdrowieniami i do zobaczenia<br \/>\nJastrz\u0119bie \u0141askie<\/p>\n","protected":false},"excerpt":{"rendered":"<p>Szanowni Pa\u0144stwo! Uprzejmie przypominamy, \u017ce tylko do dnia 24 maja (do godz. 24.00) mo\u017cliwa b\u0119dzie elektroniczna rejestracja udzia\u0142u w IX Supermaratonie Jastrz\u0119bi \u0141askich. R\u00f3wnie\u017c po tym terminie nie b\u0119dzie mo\u017cna (nie b\u0119dzie honorowany) dokona\u0107 przelewu op\u0142aty startowej. Bardzo prosimy mi\u0119dzy &hellip; <a href=\"https:\/\/www.jastrzebie.lask.com.pl\/index.php\/2019\/05\/supermaraton-aktualnosci\/\">Czytaj dalej <span class=\"meta-nav\">&rarr;<\/span><\/a><\/p>\n","protected":false},"author":1,"featured_media":0,"comment_status":"open","ping_status":"open","sticky":false,"template":"","format":"standard","meta":{"footnotes":""},"categories":[1],"tags":[],"class_list":["post-10667","post","type-post","status-publish","format-standard","hentry","category-bez-kategorii"],"_links":{"self":[{"href":"https:\/\/www.jastrzebie.lask.com.pl\/index.php\/wp-json\/wp\/v2\/posts\/10667","targetHints":{"allow":["GET"]}}],"collection":[{"href":"https:\/\/www.jastrzebie.lask.com.pl\/index.php\/wp-json\/wp\/v2\/posts"}],"about":[{"href":"https:\/\/www.jastrzebie.lask.com.pl\/index.php\/wp-json\/wp\/v2\/types\/post"}],"author":[{"embeddable":true,"href":"https:\/\/www.jastrzebie.lask.com.pl\/index.php\/wp-json\/wp\/v2\/users\/1"}],"replies":[{"embeddable":true,"href":"https:\/\/www.jastrzebie.lask.com.pl\/index.php\/wp-json\/wp\/v2\/comments?post=10667"}],"version-history":[{"count":1,"href":"https:\/\/www.jastrzebie.lask.com.pl\/index.php\/wp-json\/wp\/v2\/posts\/10667\/revisions"}],"predecessor-version":[{"id":10669,"href":"https:\/\/www.jastrzebie.lask.com.pl\/index.php\/wp-json\/wp\/v2\/posts\/10667\/revisions\/10669"}],"wp:attachment":[{"href":"https:\/\/www.jastrzebie.lask.com.pl\/index.php\/wp-json\/wp\/v2\/media?parent=10667"}],"wp:term":[{"taxonomy":"category","embeddable":true,"href":"https:\/\/www.jastrzebie.lask.com.pl\/index.php\/wp-json\/wp\/v2\/categories?post=10667"},{"taxonomy":"post_tag","embeddable":true,"href":"https:\/\/www.jastrzebie.lask.com.pl\/index.php\/wp-json\/wp\/v2\/tags?post=10667"}],"curies":[{"name":"wp","href":"https:\/\/api.w.org\/{rel}","templated":true}]}}