{"id":10706,"date":"2019-08-19T11:12:31","date_gmt":"2019-08-19T09:12:31","guid":{"rendered":"http:\/\/www.jastrzebie.lask.com.pl\/?p=10706"},"modified":"2020-03-13T10:56:16","modified_gmt":"2020-03-13T08:56:16","slug":"zakonczenie-cyklu-klasykow-ziemi-lodzkiej-wyscig-w-buczku","status":"publish","type":"post","link":"https:\/\/www.jastrzebie.lask.com.pl\/index.php\/2019\/08\/zakonczenie-cyklu-klasykow-ziemi-lodzkiej-wyscig-w-buczku\/","title":{"rendered":"Zako\u0144czenie cyklu Klasyk\u00f3w Ziemi \u0141\u00f3dzkiej &#8211; wy\u015bcig w Buczku"},"content":{"rendered":"<p>Jak co roku serdecznie zapraszamy amator\u00f3w kolarstwa na wy\u015bcig do Buczku, kt\u00f3ry ko\u0144czy cykl Klasyki Ziemi \u0141\u00f3dzkiej.<\/p>\n<p>Wy\u015bcig odb\u0119dzie si\u0119 w dniu 8 wrze\u015bnia 2019 r (niedziela). Dotychczasowa \u201eTRUSKAWKA\u201d zmienia jedynie nazw\u0119 na \u201ePuchar W\u00f3jta Gminy Buczek\u201d. Wszystkie pozosta\u0142e sprawy \u2013 w tym trasa \u2013 pozostaj\u0105 nie zmienione. Mamy nadziej\u0119, \u017ce dzi\u0119ki pomocy W\u00f3jta Gminy Buczek Pana Bronis\u0142awa W\u0119glewskiego, s\u0119dzi\u00f3w kolarskich z Okr\u0119gowego Zwi\u0105zku Kolarskiego w \u0141odzi oraz Pana Grzegorza Turkiewicza &#8211; szefa Komisji Masters Polskiego Zwi\u0105zku Kolarskiego b\u0119dziemy uczestnikami dobrej kolarskiej imprezy.<\/p>\n<p>Poni\u017cej do pobrania Regulamin wy\u015bcigu wraz z harmonogramem oraz link do zapis\u00f3w.<\/p>\n<p>Regulamin: <a href=\"http:\/\/www.jastrzebie.lask.com.pl\/wp-content\/uploads\/2019\/08\/Regulamin-Buczek-2019.pdf\">Regulamin Buczek 2019<\/a><br \/>\nLink do zapis\u00f3w: <a href=\"http:\/\/akces-sport.pl\/zapisy\/\">http:\/\/akces-sport.pl\/zapisy\/<\/a><\/p>\n","protected":false},"excerpt":{"rendered":"<p>Jak co roku serdecznie zapraszamy amator\u00f3w kolarstwa na wy\u015bcig do Buczku, kt\u00f3ry ko\u0144czy cykl Klasyki Ziemi \u0141\u00f3dzkiej. Wy\u015bcig odb\u0119dzie si\u0119 w dniu 8 wrze\u015bnia 2019 r (niedziela). Dotychczasowa \u201eTRUSKAWKA\u201d zmienia jedynie nazw\u0119 na \u201ePuchar W\u00f3jta Gminy Buczek\u201d. Wszystkie pozosta\u0142e sprawy &hellip; <a href=\"https:\/\/www.jastrzebie.lask.com.pl\/index.php\/2019\/08\/zakonczenie-cyklu-klasykow-ziemi-lodzkiej-wyscig-w-buczku\/\">Czytaj dalej <span class=\"meta-nav\">&rarr;<\/span><\/a><\/p>\n","protected":false},"author":7600,"featured_media":0,"comment_status":"open","ping_status":"open","sticky":false,"template":"","format":"standard","meta":{"footnotes":""},"categories":[22],"tags":[],"class_list":["post-10706","post","type-post","status-publish","format-standard","hentry","category-buczek-2019"],"_links":{"self":[{"href":"https:\/\/www.jastrzebie.lask.com.pl\/index.php\/wp-json\/wp\/v2\/posts\/10706","targetHints":{"allow":["GET"]}}],"collection":[{"href":"https:\/\/www.jastrzebie.lask.com.pl\/index.php\/wp-json\/wp\/v2\/posts"}],"about":[{"href":"https:\/\/www.jastrzebie.lask.com.pl\/index.php\/wp-json\/wp\/v2\/types\/post"}],"author":[{"embeddable":true,"href":"https:\/\/www.jastrzebie.lask.com.pl\/index.php\/wp-json\/wp\/v2\/users\/7600"}],"replies":[{"embeddable":true,"href":"https:\/\/www.jastrzebie.lask.com.pl\/index.php\/wp-json\/wp\/v2\/comments?post=10706"}],"version-history":[{"count":7,"href":"https:\/\/www.jastrzebie.lask.com.pl\/index.php\/wp-json\/wp\/v2\/posts\/10706\/revisions"}],"predecessor-version":[{"id":10716,"href":"https:\/\/www.jastrzebie.lask.com.pl\/index.php\/wp-json\/wp\/v2\/posts\/10706\/revisions\/10716"}],"wp:attachment":[{"href":"https:\/\/www.jastrzebie.lask.com.pl\/index.php\/wp-json\/wp\/v2\/media?parent=10706"}],"wp:term":[{"taxonomy":"category","embeddable":true,"href":"https:\/\/www.jastrzebie.lask.com.pl\/index.php\/wp-json\/wp\/v2\/categories?post=10706"},{"taxonomy":"post_tag","embeddable":true,"href":"https:\/\/www.jastrzebie.lask.com.pl\/index.php\/wp-json\/wp\/v2\/tags?post=10706"}],"curies":[{"name":"wp","href":"https:\/\/api.w.org\/{rel}","templated":true}]}}