{"id":10729,"date":"2020-03-13T10:57:02","date_gmt":"2020-03-13T08:57:02","guid":{"rendered":"http:\/\/www.jastrzebie.lask.com.pl\/?p=10729"},"modified":"2021-12-22T15:56:21","modified_gmt":"2021-12-22T13:56:21","slug":"komunikat-dot-koronawirusa","status":"publish","type":"post","link":"https:\/\/www.jastrzebie.lask.com.pl\/index.php\/2020\/03\/komunikat-dot-koronawirusa\/","title":{"rendered":"Komunikat dot. koronawirusa"},"content":{"rendered":"<p><strong>Kochani mi\u0142o\u015bnicy kolarstwa!<\/strong><\/p>\n<p>Nadzwyczajna sytuacja w jakiej si\u0119 znale\u017ali\u015bmy z powodu koronawirusa uzasadnia potrzeb\u0119 daleko id\u0105cej ostro\u017cno\u015bci i rozwagi w naszych codziennych czynno\u015bciach. Musimy wszyscy powa\u017cnie potraktowa\u0107 sytuacj\u0119 i bezwzgl\u0119dnie stosowa\u0107 si\u0119 do zalece\u0144 s\u0142u\u017cb sanitarnych i w\u0142adz.<\/p>\n<p>Musimy te\u017c liczy\u0107 si\u0119 ze zmian\u0105 termin\u00f3w lub odwo\u0142aniem naszych maraton\u00f3w. Mamy nadziej\u0119, \u017ce do \u015awi\u0105t Wielkanocnych sytuacja si\u0119 na tyle unormuje, \u017ce b\u0119dziemy mogli podj\u0105\u0107 stosowne decyzje. Organizatorzy zapewniaj\u0105 te\u017c, \u017ce w przypadku odwo\u0142ania naszych imprez dokonane wcze\u015bniej op\u0142aty startowe zostan\u0105 zwr\u00f3cone lub zaliczone na poczet maratonu organizowanego w p\u00f3\u017aniejszym terminie \u2013 zgodnie z Pa\u0144stwa \u017cyczeniem.<\/p>\n<p>\u017bycz\u0105c Wszystkim du\u017co zdrowia<\/p>\n<p>Organizatorzy Pucharu Polski w Szosowych Maratonach Rowerowych 2020.<\/p>\n","protected":false},"excerpt":{"rendered":"<p>Kochani mi\u0142o\u015bnicy kolarstwa! Nadzwyczajna sytuacja w jakiej si\u0119 znale\u017ali\u015bmy z powodu koronawirusa uzasadnia potrzeb\u0119 daleko id\u0105cej ostro\u017cno\u015bci i rozwagi w naszych codziennych czynno\u015bciach. Musimy wszyscy powa\u017cnie potraktowa\u0107 sytuacj\u0119 i bezwzgl\u0119dnie stosowa\u0107 si\u0119 do zalece\u0144 s\u0142u\u017cb sanitarnych i w\u0142adz. Musimy te\u017c &hellip; <a href=\"https:\/\/www.jastrzebie.lask.com.pl\/index.php\/2020\/03\/komunikat-dot-koronawirusa\/\">Czytaj dalej <span class=\"meta-nav\">&rarr;<\/span><\/a><\/p>\n","protected":false},"author":1,"featured_media":0,"comment_status":"open","ping_status":"open","sticky":false,"template":"","format":"standard","meta":{"footnotes":""},"categories":[1],"tags":[],"class_list":["post-10729","post","type-post","status-publish","format-standard","hentry","category-bez-kategorii"],"_links":{"self":[{"href":"https:\/\/www.jastrzebie.lask.com.pl\/index.php\/wp-json\/wp\/v2\/posts\/10729","targetHints":{"allow":["GET"]}}],"collection":[{"href":"https:\/\/www.jastrzebie.lask.com.pl\/index.php\/wp-json\/wp\/v2\/posts"}],"about":[{"href":"https:\/\/www.jastrzebie.lask.com.pl\/index.php\/wp-json\/wp\/v2\/types\/post"}],"author":[{"embeddable":true,"href":"https:\/\/www.jastrzebie.lask.com.pl\/index.php\/wp-json\/wp\/v2\/users\/1"}],"replies":[{"embeddable":true,"href":"https:\/\/www.jastrzebie.lask.com.pl\/index.php\/wp-json\/wp\/v2\/comments?post=10729"}],"version-history":[{"count":1,"href":"https:\/\/www.jastrzebie.lask.com.pl\/index.php\/wp-json\/wp\/v2\/posts\/10729\/revisions"}],"predecessor-version":[{"id":10730,"href":"https:\/\/www.jastrzebie.lask.com.pl\/index.php\/wp-json\/wp\/v2\/posts\/10729\/revisions\/10730"}],"wp:attachment":[{"href":"https:\/\/www.jastrzebie.lask.com.pl\/index.php\/wp-json\/wp\/v2\/media?parent=10729"}],"wp:term":[{"taxonomy":"category","embeddable":true,"href":"https:\/\/www.jastrzebie.lask.com.pl\/index.php\/wp-json\/wp\/v2\/categories?post=10729"},{"taxonomy":"post_tag","embeddable":true,"href":"https:\/\/www.jastrzebie.lask.com.pl\/index.php\/wp-json\/wp\/v2\/tags?post=10729"}],"curies":[{"name":"wp","href":"https:\/\/api.w.org\/{rel}","templated":true}]}}