{"id":1409,"date":"2012-04-23T09:11:13","date_gmt":"2012-04-23T09:11:13","guid":{"rendered":"http:\/\/www.jastrzebie.lask.com.pl\/?p=1409"},"modified":"2012-04-25T13:06:24","modified_gmt":"2012-04-25T13:06:24","slug":"jastrzebie-trenuja","status":"publish","type":"post","link":"https:\/\/www.jastrzebie.lask.com.pl\/index.php\/2012\/04\/jastrzebie-trenuja\/","title":{"rendered":"Jastrz\u0119bie trenuj\u0105"},"content":{"rendered":"<p><a href=\"http:\/\/www.jastrzebie.lask.com.pl\/wp-content\/uploads\/2012\/04\/22042012.jpg\"><img loading=\"lazy\" decoding=\"async\" src=\"http:\/\/www.jastrzebie.lask.com.pl\/wp-content\/uploads\/2012\/04\/22042012-300x187.jpg\" alt=\"Jastrz\u0119bie trenuj\u0105\" title=\"Jastrz\u0119bie trenuj\u0105\" width=\"300\" height=\"187\" class=\"alignleft size-medium wp-image-1412\" srcset=\"https:\/\/www.jastrzebie.lask.com.pl\/wp-content\/uploads\/2012\/04\/22042012-300x187.jpg 300w, https:\/\/www.jastrzebie.lask.com.pl\/wp-content\/uploads\/2012\/04\/22042012.jpg 900w\" sizes=\"auto, (max-width: 300px) 100vw, 300px\" \/><\/a>\u0141adna pogoda sprawi\u0142a, \u017ce w niedziel\u0119 by\u0142o nas&nbsp;10&nbsp;!!! Mo\u017ce nie za du\u017co, ale w tym roku rekord. Mam nadziej\u0119, \u017ce po wy\u015bcigu w Trzebnicy na kt\u00f3ry wybiera si\u0119 9 Jastrz\u0119bi oraz po wy\u015bcigu &#8222;g\u00f3rskim&#8221; w Radkowie, na majowe treningi zg\u0142asza\u0107 si\u0119 b\u0119dzie znacznie wi\u0119ksza ilo\u015b\u0107 kolarzy. Przez najbli\u017cszy okres spotykamy si\u0119 w niedziel\u0119 o godz. 10:00 przed \u0141DK w \u0141asku. R\u00f3wnie\u017c w soboty proponuj\u0119 t\u0119 sam\u0105 godzin\u0119.<br \/>\nNawiasem m\u00f3wi\u0105c spotkali\u015bmy na treningu grup\u0119 ze Zdu\u0144skiej Woli w barwach GATTY i pod przewodnictwem Grzegorza Turkiewicza. Zrobi\u0142 si\u0119 bardzo fajny peletonik &#8211; 25 os\u00f3b. Pojechali\u015bmy na zapor\u0119 przy zbiorniku Jeziorsko. By\u0107 mo\u017ce uda si\u0119 opublikowa\u0107 migawki filmowe z tego treningu.<br \/>\nPozdrawiam i zapraszam na treningi &#8211; przeja\u017cd\u017cki.<br \/>\nPawe\u0142<\/p>\n","protected":false},"excerpt":{"rendered":"<p>\u0141adna pogoda sprawi\u0142a, \u017ce w niedziel\u0119 by\u0142o nas&nbsp;10&nbsp;!!! Mo\u017ce nie za du\u017co, ale w tym roku rekord. Mam nadziej\u0119, \u017ce po wy\u015bcigu w Trzebnicy na kt\u00f3ry wybiera si\u0119 9 Jastrz\u0119bi oraz po wy\u015bcigu &#8222;g\u00f3rskim&#8221; w Radkowie, na majowe treningi zg\u0142asza\u0107 &hellip; <a href=\"https:\/\/www.jastrzebie.lask.com.pl\/index.php\/2012\/04\/jastrzebie-trenuja\/\">Czytaj dalej <span class=\"meta-nav\">&rarr;<\/span><\/a><\/p>\n","protected":false},"author":1,"featured_media":0,"comment_status":"open","ping_status":"open","sticky":false,"template":"","format":"standard","meta":{"footnotes":""},"categories":[3],"tags":[],"class_list":["post-1409","post","type-post","status-publish","format-standard","hentry","category-aktualnosci"],"_links":{"self":[{"href":"https:\/\/www.jastrzebie.lask.com.pl\/index.php\/wp-json\/wp\/v2\/posts\/1409","targetHints":{"allow":["GET"]}}],"collection":[{"href":"https:\/\/www.jastrzebie.lask.com.pl\/index.php\/wp-json\/wp\/v2\/posts"}],"about":[{"href":"https:\/\/www.jastrzebie.lask.com.pl\/index.php\/wp-json\/wp\/v2\/types\/post"}],"author":[{"embeddable":true,"href":"https:\/\/www.jastrzebie.lask.com.pl\/index.php\/wp-json\/wp\/v2\/users\/1"}],"replies":[{"embeddable":true,"href":"https:\/\/www.jastrzebie.lask.com.pl\/index.php\/wp-json\/wp\/v2\/comments?post=1409"}],"version-history":[{"count":5,"href":"https:\/\/www.jastrzebie.lask.com.pl\/index.php\/wp-json\/wp\/v2\/posts\/1409\/revisions"}],"predecessor-version":[{"id":1423,"href":"https:\/\/www.jastrzebie.lask.com.pl\/index.php\/wp-json\/wp\/v2\/posts\/1409\/revisions\/1423"}],"wp:attachment":[{"href":"https:\/\/www.jastrzebie.lask.com.pl\/index.php\/wp-json\/wp\/v2\/media?parent=1409"}],"wp:term":[{"taxonomy":"category","embeddable":true,"href":"https:\/\/www.jastrzebie.lask.com.pl\/index.php\/wp-json\/wp\/v2\/categories?post=1409"},{"taxonomy":"post_tag","embeddable":true,"href":"https:\/\/www.jastrzebie.lask.com.pl\/index.php\/wp-json\/wp\/v2\/tags?post=1409"}],"curies":[{"name":"wp","href":"https:\/\/api.w.org\/{rel}","templated":true}]}}