{"id":1480,"date":"2012-06-01T18:26:00","date_gmt":"2012-06-01T18:26:00","guid":{"rendered":"http:\/\/www.jastrzebie.lask.com.pl\/?p=1480"},"modified":"2012-06-01T18:31:23","modified_gmt":"2012-06-01T18:31:23","slug":"9-dni-do-maratonu","status":"publish","type":"post","link":"https:\/\/www.jastrzebie.lask.com.pl\/index.php\/2012\/06\/9-dni-do-maratonu\/","title":{"rendered":"9 dni do maratonu"},"content":{"rendered":"<p>Cieszy nas du\u017ce zainteresowanie supermaratonem w \u0141asku. Do 10 czerwca nie pozosta\u0142o du\u017co czasu, lista zapisanych coraz wi\u0119ksza. Mam nadziej\u0119, \u017ce wystarczy \u201emiejsca\u201d dla wszystkich. Poniewa\u017c ca\u0142y szereg dzia\u0142a\u0144 organizacyjnych uzale\u017cniony jest od listy os\u00f3b z potwierdzon\u0105 wp\u0142at\u0105 wpisowego \u2013<strong> bardzo prosimy \u2013 nie zwlekajcie z wp\u0142at\u0105 do ostatniego dnia<\/strong>. Mo\u017ce to spowodowa\u0107 ca\u0142y szereg niedogodno\u015bci.<\/p>\n<p>Jednocze\u015bnie chc\u0119 przypomnie\u0107, \u017ce ze wzgl\u0119d\u00f3w organizacyjnych dotarcie do mety musi nast\u0105pi\u0107 <strong>do godziny 18,00.<\/strong> Oznacza to, \u017ce uczestnicy kt\u00f3rym na dystansie GIGA nie uda si\u0119 osi\u0105gn\u0105\u0107 przeci\u0119tnej pr\u0119dko\u015bci powy\u017cej 25 km\/h \u2013 mog\u0105 nie zosta\u0107 sklasyfikowani. Oczywi\u015bcie postaramy si\u0119 tolerancyjnie podej\u015b\u0107 do os\u00f3b kt\u00f3rym zabraknie kilku minut do tego limitu. Nie mniej jednak osobom kt\u00f3re w tym dniu nie pojad\u0105 szybciej ni\u017c 25 km\/h, sugerujemy rozwa\u017cenie skr\u00f3cenia dystansu. Mo\u017cna to zrobi\u0107 r\u00f3wnie\u017c w trakcie wy\u015bcigu. Osoby kt\u00f3re po przekroczeniu mety zg\u0142osz\u0105 s\u0119dziemu zmian\u0119 dystansu zostan\u0105 na zmienionym dystansie sklasyfikowane (oczywi\u015bcie o ile pokonany dystans pokrywa si\u0119 z tras\u0105 MINI, MEGA lub GIGA).<\/p>\n","protected":false},"excerpt":{"rendered":"<p>Cieszy nas du\u017ce zainteresowanie supermaratonem w \u0141asku. Do 10 czerwca nie pozosta\u0142o du\u017co czasu, lista zapisanych coraz wi\u0119ksza. Mam nadziej\u0119, \u017ce wystarczy \u201emiejsca\u201d dla wszystkich. Poniewa\u017c ca\u0142y szereg dzia\u0142a\u0144 organizacyjnych uzale\u017cniony jest od listy os\u00f3b z potwierdzon\u0105 wp\u0142at\u0105 wpisowego \u2013 &hellip; <a href=\"https:\/\/www.jastrzebie.lask.com.pl\/index.php\/2012\/06\/9-dni-do-maratonu\/\">Czytaj dalej <span class=\"meta-nav\">&rarr;<\/span><\/a><\/p>\n","protected":false},"author":1,"featured_media":0,"comment_status":"open","ping_status":"open","sticky":false,"template":"","format":"standard","meta":{"footnotes":""},"categories":[1],"tags":[],"class_list":["post-1480","post","type-post","status-publish","format-standard","hentry","category-bez-kategorii"],"_links":{"self":[{"href":"https:\/\/www.jastrzebie.lask.com.pl\/index.php\/wp-json\/wp\/v2\/posts\/1480","targetHints":{"allow":["GET"]}}],"collection":[{"href":"https:\/\/www.jastrzebie.lask.com.pl\/index.php\/wp-json\/wp\/v2\/posts"}],"about":[{"href":"https:\/\/www.jastrzebie.lask.com.pl\/index.php\/wp-json\/wp\/v2\/types\/post"}],"author":[{"embeddable":true,"href":"https:\/\/www.jastrzebie.lask.com.pl\/index.php\/wp-json\/wp\/v2\/users\/1"}],"replies":[{"embeddable":true,"href":"https:\/\/www.jastrzebie.lask.com.pl\/index.php\/wp-json\/wp\/v2\/comments?post=1480"}],"version-history":[{"count":2,"href":"https:\/\/www.jastrzebie.lask.com.pl\/index.php\/wp-json\/wp\/v2\/posts\/1480\/revisions"}],"predecessor-version":[{"id":1487,"href":"https:\/\/www.jastrzebie.lask.com.pl\/index.php\/wp-json\/wp\/v2\/posts\/1480\/revisions\/1487"}],"wp:attachment":[{"href":"https:\/\/www.jastrzebie.lask.com.pl\/index.php\/wp-json\/wp\/v2\/media?parent=1480"}],"wp:term":[{"taxonomy":"category","embeddable":true,"href":"https:\/\/www.jastrzebie.lask.com.pl\/index.php\/wp-json\/wp\/v2\/categories?post=1480"},{"taxonomy":"post_tag","embeddable":true,"href":"https:\/\/www.jastrzebie.lask.com.pl\/index.php\/wp-json\/wp\/v2\/tags?post=1480"}],"curies":[{"name":"wp","href":"https:\/\/api.w.org\/{rel}","templated":true}]}}