{"id":2089,"date":"2013-06-05T01:59:39","date_gmt":"2013-06-04T23:59:39","guid":{"rendered":"http:\/\/www.jastrzebie.lask.com.pl\/?p=2089"},"modified":"2013-06-06T15:33:26","modified_gmt":"2013-06-06T13:33:26","slug":"komunikat-dla-zawodnikow-ultra","status":"publish","type":"post","link":"https:\/\/www.jastrzebie.lask.com.pl\/index.php\/2013\/06\/komunikat-dla-zawodnikow-ultra\/","title":{"rendered":"Komunikat dla zawodnik\u00f3w &#8211; ULTRA"},"content":{"rendered":"<p>Uprzejmie przypominam uczestnikom wy\u015bcigu na dystansie ULTRA III Supermaratonu Jastrz\u0119bi \u0141askich o obowi\u0105zkowym wyposa\u017ceniu rower\u00f3w w o\u015bwietlenie.<br \/>\nPogoda na trasie mo\u017ce by\u0107 zmienna, nie zawsze uda si\u0119 jecha\u0107 w du\u017cej grupie itd., itd&#8230;<br \/>\nO dzwonkach nie wspomn\u0119:):)<\/p>\n<p>Przypominam r\u00f3wnie\u017c \u017ce baza supermaratonu dystansu ULTRA b\u0119dzie mie\u015bci\u0107 si\u0119 w Specjalnym O\u015brodku Szkolno &#8211; Wychowawczym w \u0141asku przy ul. Mickiewicza 6.<br \/>\nBiuro zawod\u00f3w (jednocze\u015bnie &#8222;recepcja&#8221; dla os\u00f3b kwateruj\u0105cych si\u0119 w internacie), otworzymy o godz. 15,30.<br \/>\nOdprawa techniczna &#8211; zgodnie z programem o godz. 19:00 r\u00f3wnie\u017c na terenie szko\u0142y (sala gimnastyczna).<br \/>\nStart dla wszystkich dystans\u00f3w w obszarze wy\u0142\u0105czonym z ruchu drogowego, na wysoko\u015bci \u0141askiego Domu Kultury, ul. Narutowicza 11 w \u0141asku.<br \/>\nMeta dla dystansu ULTRA &#8211; teren Szko\u0142y Podstawowej w Wiewi\u00f3rczynie.<\/p>\n<p>Pozdrawiam Pawe\u0142 Cichy<\/p>\n","protected":false},"excerpt":{"rendered":"<p>Uprzejmie przypominam uczestnikom wy\u015bcigu na dystansie ULTRA III Supermaratonu Jastrz\u0119bi \u0141askich o obowi\u0105zkowym wyposa\u017ceniu rower\u00f3w w o\u015bwietlenie. Pogoda na trasie mo\u017ce by\u0107 zmienna, nie zawsze uda si\u0119 jecha\u0107 w du\u017cej grupie itd., itd&#8230; O dzwonkach nie wspomn\u0119:):) Przypominam r\u00f3wnie\u017c \u017ce &hellip; <a href=\"https:\/\/www.jastrzebie.lask.com.pl\/index.php\/2013\/06\/komunikat-dla-zawodnikow-ultra\/\">Czytaj dalej <span class=\"meta-nav\">&rarr;<\/span><\/a><\/p>\n","protected":false},"author":1,"featured_media":0,"comment_status":"open","ping_status":"open","sticky":false,"template":"","format":"standard","meta":{"footnotes":""},"categories":[1],"tags":[],"class_list":["post-2089","post","type-post","status-publish","format-standard","hentry","category-bez-kategorii"],"_links":{"self":[{"href":"https:\/\/www.jastrzebie.lask.com.pl\/index.php\/wp-json\/wp\/v2\/posts\/2089","targetHints":{"allow":["GET"]}}],"collection":[{"href":"https:\/\/www.jastrzebie.lask.com.pl\/index.php\/wp-json\/wp\/v2\/posts"}],"about":[{"href":"https:\/\/www.jastrzebie.lask.com.pl\/index.php\/wp-json\/wp\/v2\/types\/post"}],"author":[{"embeddable":true,"href":"https:\/\/www.jastrzebie.lask.com.pl\/index.php\/wp-json\/wp\/v2\/users\/1"}],"replies":[{"embeddable":true,"href":"https:\/\/www.jastrzebie.lask.com.pl\/index.php\/wp-json\/wp\/v2\/comments?post=2089"}],"version-history":[{"count":2,"href":"https:\/\/www.jastrzebie.lask.com.pl\/index.php\/wp-json\/wp\/v2\/posts\/2089\/revisions"}],"predecessor-version":[{"id":2093,"href":"https:\/\/www.jastrzebie.lask.com.pl\/index.php\/wp-json\/wp\/v2\/posts\/2089\/revisions\/2093"}],"wp:attachment":[{"href":"https:\/\/www.jastrzebie.lask.com.pl\/index.php\/wp-json\/wp\/v2\/media?parent=2089"}],"wp:term":[{"taxonomy":"category","embeddable":true,"href":"https:\/\/www.jastrzebie.lask.com.pl\/index.php\/wp-json\/wp\/v2\/categories?post=2089"},{"taxonomy":"post_tag","embeddable":true,"href":"https:\/\/www.jastrzebie.lask.com.pl\/index.php\/wp-json\/wp\/v2\/tags?post=2089"}],"curies":[{"name":"wp","href":"https:\/\/api.w.org\/{rel}","templated":true}]}}