{"id":3294,"date":"2014-06-03T23:43:48","date_gmt":"2014-06-03T21:43:48","guid":{"rendered":"http:\/\/www.jastrzebie.lask.com.pl\/?p=3294"},"modified":"2014-06-05T18:33:13","modified_gmt":"2014-06-05T16:33:13","slug":"moto-pasja-na-jarmarku-laskim","status":"publish","type":"post","link":"https:\/\/www.jastrzebie.lask.com.pl\/index.php\/2014\/06\/moto-pasja-na-jarmarku-laskim\/","title":{"rendered":"Moto Pasja na Jarmarku \u0141askim"},"content":{"rendered":"<p>W dniu 07.06.2014 o godzinie 15:00 oraz 17:15 na scenie Jarmarku \u0141askiego<br \/>\nodb\u0119dzie si\u0119 konkurs przygotowany i poprowadzony przez Grup\u0119 Motocyklow\u0105 APC<br \/>\nMoto Pasja. B\u0119dziemy prezentowa\u0107 i edukowa\u0107 uczestnik\u00f3w jarmarku w jaki<br \/>\nspos\u00f3b pom\u00f3c poszkodowanemu motocykli\u015bcie, jak zdj\u0105\u0107 kask, jak si\u0119 zachowa\u0107<br \/>\nw takich sytuacjach. Nasz ratownik Krzysztof Bomba przeprowadzi prezentacj\u0119<br \/>\nna specjalnie przygotowanym manekinie. Swoje stoisko wraz z multimedialnymi<br \/>\nprezentacjami oraz pokaz motocykli rozk\u0142adamy na deptaku ju\u017c ko\u0142o godziny<br \/>\n9:00 rano &#8211; zapraszamy wszystkich do odwiedzenia naszego stoiska. Nasza<br \/>\nGrupa Motocyklowa b\u0119dzie r\u00f3wnie\u017c eskortowa\u0107 przez ca\u0142e miasto wprost pod<br \/>\nscen\u0119 w tym dniu dwie gwiazdy wieczoru: zesp\u00f3\u0142 HURT oraz VIDEO.<\/p>\n<p>Zapraszamy do odwiedzenia nas na <a title=\"MotoPasjja na facebooku\" href=\"https:\/\/www.facebook.com\/pages\/Grupa-Motocyklowa-APC-Moto-Pasja\/650050658352805\">facebooku:<\/a><br \/>\noraz w internecie <a title=\"Moto Pasja\" href=\"http:\/\/grupa.apc.org.pl\/\">http:\/\/grupa.apc.org.pl\/<\/a><\/p>\n<p>Robert P\u0142\u00f3ciennik<br \/>\nPrzewodnicz\u0105cy Grupy Motocyklowej APC Moto Pasja<\/p>\n","protected":false},"excerpt":{"rendered":"<p>W dniu 07.06.2014 o godzinie 15:00 oraz 17:15 na scenie Jarmarku \u0141askiego odb\u0119dzie si\u0119 konkurs przygotowany i poprowadzony przez Grup\u0119 Motocyklow\u0105 APC Moto Pasja. B\u0119dziemy prezentowa\u0107 i edukowa\u0107 uczestnik\u00f3w jarmarku w jaki spos\u00f3b pom\u00f3c poszkodowanemu motocykli\u015bcie, jak zdj\u0105\u0107 kask, jak &hellip; <a href=\"https:\/\/www.jastrzebie.lask.com.pl\/index.php\/2014\/06\/moto-pasja-na-jarmarku-laskim\/\">Czytaj dalej <span class=\"meta-nav\">&rarr;<\/span><\/a><\/p>\n","protected":false},"author":1,"featured_media":0,"comment_status":"open","ping_status":"open","sticky":false,"template":"","format":"standard","meta":{"footnotes":""},"categories":[1],"tags":[],"class_list":["post-3294","post","type-post","status-publish","format-standard","hentry","category-bez-kategorii"],"_links":{"self":[{"href":"https:\/\/www.jastrzebie.lask.com.pl\/index.php\/wp-json\/wp\/v2\/posts\/3294","targetHints":{"allow":["GET"]}}],"collection":[{"href":"https:\/\/www.jastrzebie.lask.com.pl\/index.php\/wp-json\/wp\/v2\/posts"}],"about":[{"href":"https:\/\/www.jastrzebie.lask.com.pl\/index.php\/wp-json\/wp\/v2\/types\/post"}],"author":[{"embeddable":true,"href":"https:\/\/www.jastrzebie.lask.com.pl\/index.php\/wp-json\/wp\/v2\/users\/1"}],"replies":[{"embeddable":true,"href":"https:\/\/www.jastrzebie.lask.com.pl\/index.php\/wp-json\/wp\/v2\/comments?post=3294"}],"version-history":[{"count":3,"href":"https:\/\/www.jastrzebie.lask.com.pl\/index.php\/wp-json\/wp\/v2\/posts\/3294\/revisions"}],"predecessor-version":[{"id":3297,"href":"https:\/\/www.jastrzebie.lask.com.pl\/index.php\/wp-json\/wp\/v2\/posts\/3294\/revisions\/3297"}],"wp:attachment":[{"href":"https:\/\/www.jastrzebie.lask.com.pl\/index.php\/wp-json\/wp\/v2\/media?parent=3294"}],"wp:term":[{"taxonomy":"category","embeddable":true,"href":"https:\/\/www.jastrzebie.lask.com.pl\/index.php\/wp-json\/wp\/v2\/categories?post=3294"},{"taxonomy":"post_tag","embeddable":true,"href":"https:\/\/www.jastrzebie.lask.com.pl\/index.php\/wp-json\/wp\/v2\/tags?post=3294"}],"curies":[{"name":"wp","href":"https:\/\/api.w.org\/{rel}","templated":true}]}}