{"id":3428,"date":"2014-07-01T14:16:22","date_gmt":"2014-07-01T12:16:22","guid":{"rendered":"http:\/\/www.jastrzebie.lask.com.pl\/?p=3428"},"modified":"2014-07-03T10:58:43","modified_gmt":"2014-07-03T08:58:43","slug":"relacja-cyklomaniakow-z-i-twr","status":"publish","type":"post","link":"https:\/\/www.jastrzebie.lask.com.pl\/index.php\/2014\/07\/relacja-cyklomaniakow-z-i-twr\/","title":{"rendered":"Relacja Cyklomaniak\u00f3w z I TWR"},"content":{"rendered":"<h3><strong><a title=\"1 TWR Buczek \u2013 wra\u017cenia\" href=\"http:\/\/cyklomaniacy.pl\/1-twr-buczek-wrazenia\/\" rel=\"bookmark\">TWR BUCZEK \u2013 WRA\u017bENIA<\/a><\/strong><\/h3>\n<p>Zgodnie z przewidywaniami, wy\u015bcig by\u0142 bardzo udany. Jastrz\u0119bie \u0141askie nie pozostawiaj\u0105c miejsca na krytyk\u0119 kolejny raz udowodnili, \u017ce mo\u017cna zorganizowa\u0107 lokalny wy\u015bcig na\u00a0wysokim poziomie, nie rezygnuj\u0105c przy tym ze \u015bwietnego klimatu. Poni\u017cej nasze wra\u017cenia.<\/p>\n<p><strong><br \/>\nWitek<\/strong><\/p>\n<p>Jak dla mnie, to fajny truskawkowy wy\u015bcig dzi\u015b zaliczyli\u015bmy! Niech \u017ca\u0142uj\u0105 ci co nie byli.<\/p>\n<p>Jak na pierwsz\u0105 edycj\u0119 to organizacja super! Formu\u0142a GranFondo sprawdzi\u0142a si\u0119 ponownie. Trasa \u0142atwa, ale liczba zakr\u0119t\u00f3w i uczestnik\u00f3w oraz w\u0105skie drogi robi\u0142y swoje. Pierwsze dwie rundy (z pi\u0119ciu) to by\u0142y do\u015b\u0107 \u015bciganckie. Mnie kt\u00f3ry jak zwykle je\u017adzi\u0142 po kicie, wyci\u0105gara par\u0119 razy zagrza\u0142a silnik! B\u0142ysn\u0119\u0142a nasza nowa Legend\u2019a (Bastek ma nowy rower \u2013 przypomnienie redakcji). Odjazd i pude\u0142ko. Brawo! A pomy\u015ble\u0107 \u017ce organizator robi\u0142 wszystko \u00a0<!--more-->(w\u0142\u0105cznie ze zwijaniem asfaltu), by Ba\u015bciu na start nie dotar\u0142 lub przynajmniej si\u0119 sp\u00f3\u017ani\u0142.\u00a0<img decoding=\"async\" alt=\";-)\" src=\"http:\/\/cyklomaniacy.pl\/wp-includes\/images\/smilies\/icon_wink.gif\" \/>\u00a0Drugi Baltona, kt\u00f3ry dzi\u015b w stroju CykloManiak\u00f3w jecha\u0142! A zatem mamy dwa pude\u0142ka. Mareczek moc pokaza\u0142, bo wygra\u0107 z Bilem na finiszu to nie jest takie proste. Zi\u00f3\u0142ek (te\u017c w CM) m\u0119czy\u0142, m\u0119czy\u0142 i wym\u0119czy\u0142 odjazd w 3 grupce.<\/p>\n<p>Chcia\u0142bym wszystkim podzi\u0119kowa\u0107 i pochwali\u0107 za dobr\u0105 jazd\u0119 zespo\u0142ow\u0105. Osobi\u015bcie wi\u0119kszych wpadek taktycznych nie zauwa\u017cy\u0142em. Na pewno byli\u015bmy i najlepiej widocznym i najlepiej jad\u0105cym teamem!<\/p>\n<p>A ja, no c\u00f3\u017c, skromnie zrezygnowa\u0142em z roli lidera, po tym jak mnie \u0141ukasz z pozycji DS wysiuda\u0142 (taki \u017carcik \u2013 przypomnienie redakcji)\u00a0i mianowa\u0142 nim Pozzato, kt\u00f3ry szykuje si\u0119 na Vuelt\u0119-P\u0119tl\u0119 No i ma dyspozycja, cho\u0107 jak na ten sezon i tak chyba najlepsza, to na zawojowanie czegokolwiek nie pozwoli\u0142a!<\/p>\n<p>Mam nadziej\u0119, \u017ce w Buczku spotkamy si\u0119 tak\u017ce za rok!<\/p>\n<p><strong><br \/>\nMarek<\/strong><\/p>\n<p>Co do dzisiejszego wy\u015bcigu to r\u00f3wnie\u017c musz\u0119 pochwali\u0107 organizacj\u0119 i przebieg zabawy. Po\u0142\u0105czenie wy\u015bcigu kolarskiego z gminnym festynem ca\u0142kiem spoko, gdyby nie to \u017ce by\u0142em mega przetyrany i musia\u0142em wr\u00f3ci\u0107 autem do \u0141odzi to pewnie bym zaszala\u0142 na \u015bwi\u0119cie truskawki<\/p>\n<p>Sam wy\u015bcig nie by\u0142 dla mnie jako\u015b wyj\u0105tkowo m\u0119cz\u0105cy, a\u017c do momentu kiedy to na ok. 22 km do mety za\u0142apa\u0142em si\u0119 w odjazd z Bilem i Franiakiem (przed kt\u00f3rym\u00a0nota bene\u00a0ostrzega\u0142 mnie pod kasztanami Raku, twierdz\u0105c \u017ce to mocny zawodnik). Te ostatnie kilometry jecha\u0142em ju\u017c na 110%, w\u00f3z albo przew\u00f3z, skoro grupa nie goni to musimy zrobi\u0107 wszystko \u017ceby dojecha\u0107 przed peletonem. No i uda\u0142o si\u0119. Bilu dawa\u0142 r\u00f3wnie mocne zmiany co ja, chocia\u017c za punkt honoru postawi\u0142em sobie \u017ceby jecha\u0107 jak najmocniej i dowie\u017a\u0107 \u201edziadk\u00f3w\u201d do kreski\u00a0Franiak po kilku kilometrach spuch\u0142 i to praktycznie ja z Bilem zrobili\u015bmy ca\u0142\u0105 robot\u0119.<\/p>\n<p>Na ko\u0144c\u00f3wk\u0119 mia\u0142em prosty plan, wchodz\u0119 pierwszy w ostatni zakr\u0119t z jak najwi\u0119ksz\u0105 pr\u0119dko\u015bci\u0105 i odje\u017cd\u017cam wsp\u00f3\u0142towarzyszom niedoli na ostatniej prostej. Ale stary cwaniak Bilu troch\u0119 mi popsu\u0142 plan wciskaj\u0105c si\u0119 na zakr\u0119cie pod m\u00f3j lewy \u0142okie\u0107. Na moje szcz\u0119\u015bcie na niewiele to si\u0119 zda\u0142o gdy\u017c przesz\u0142o dwukrotna r\u00f3\u017cnica wieku zrobi\u0142a swoje i ju\u017c po kilkunastu metrach od wyj\u015bcia z zakr\u0119tu by\u0142em na czele naszej trzyosobowej grupki, niezagro\u017cony p\u0119dz\u0105c po 4 miejsce. W nagrod\u0119 za tak heroiczny b\u00f3j stoczony o 4 miejsce dosta\u0142em m.in.\u00a0podkolan\u00f3wki kompresyjne, Jak dla mnie strza\u0142 w dziesi\u0105tk\u0119. Super sprawa na przepalone po wy\u015bcigu nogi, b\u0119dzie z nich po\u017cytek do ko\u0144ca sezonu<\/p>\n<p><strong><br \/>\nBastek<\/strong><\/p>\n<p>Wy\u015bcig stanowi dla mnie bardzo mi\u0142e zaskoczenie. Bardzo, bardzo dobrze zabezpieczony, co stanowi dla mnie najistotniejsz\u0105 rzecz. Wyniki praktycznie \u201eod r\u0119ki\u201d widoczne na monitorze. Takiego gad\u017cetu jeszcze nie widzia\u0142em. Do tego nie byle jakie nagrody. Pod tym wzgl\u0119dem lepiej ni\u017c na zdecydowanej wi\u0119kszo\u015bci imprez.<\/p>\n<p>Co do konfiguracji trasy to nie by\u0142a ona wymagaj\u0105ca, co nie jest \u017cadn\u0105 tajemnic\u0105. Natomiast by\u0142o trudno, bo wiatr skutecznie upuszcza\u0142 \u201ekrwi\u201d. Uda\u0142o si\u0119 odjecha\u0107 z Balton\u0105 i Micha\u0142em \u201eOkularnikiem\u201d Wnukiem. Wszystko by\u0142o dobrze do 70 kilometra. W\u00f3wczas odci\u0119\u0142o mi \u201epr\u0105d\u201d. By\u0142em jak sparali\u017cowany \u2013 okropne uczucie. Dzi\u0119ki ch\u0142opakom i bidonowi od Cha\u0142y na ostatnich 5 km dowlok\u0142em si\u0119 do mety w stanie agonalnym. O pomocy, czy te\u017c taktycznej rozgrywce nie by\u0142o mowy.<\/p>\n<p>A co do klimatu po wy\u015bcigu. To super sprawa, bardzo mi si\u0119 podoba\u0142o. Nast\u0119pnym razem bior\u0119 rodzin\u0119 i mam zamiar wypi\u0107 truskawkowe piwo.P.S. Na pewniaka wzi\u0105\u0142em Nasze klubowe ciuchy, bo mia\u0142o nie pada\u0107. Zachlapa\u0142em je na pierwszych 2 kilometrach \u2013 fuck!!!<\/p>\n<p style=\"text-align: right;\"><em>\u017ar\u00f3d\u0142o:\u00a0<a title=\"Cyklomaniacy\" href=\"http:\/\/cyklomaniacy.pl\/1-twr-buczek-wrazenia\/\">Cyklomaniacy.pl<\/a><\/em><\/p>\n","protected":false},"excerpt":{"rendered":"<p>TWR BUCZEK \u2013 WRA\u017bENIA Zgodnie z przewidywaniami, wy\u015bcig by\u0142 bardzo udany. Jastrz\u0119bie \u0141askie nie pozostawiaj\u0105c miejsca na krytyk\u0119 kolejny raz udowodnili, \u017ce mo\u017cna zorganizowa\u0107 lokalny wy\u015bcig na\u00a0wysokim poziomie, nie rezygnuj\u0105c przy tym ze \u015bwietnego klimatu. Poni\u017cej nasze wra\u017cenia. Witek Jak &hellip; <a href=\"https:\/\/www.jastrzebie.lask.com.pl\/index.php\/2014\/07\/relacja-cyklomaniakow-z-i-twr\/\">Czytaj dalej <span class=\"meta-nav\">&rarr;<\/span><\/a><\/p>\n","protected":false},"author":1,"featured_media":0,"comment_status":"open","ping_status":"open","sticky":false,"template":"","format":"standard","meta":{"footnotes":""},"categories":[1],"tags":[],"class_list":["post-3428","post","type-post","status-publish","format-standard","hentry","category-bez-kategorii"],"_links":{"self":[{"href":"https:\/\/www.jastrzebie.lask.com.pl\/index.php\/wp-json\/wp\/v2\/posts\/3428","targetHints":{"allow":["GET"]}}],"collection":[{"href":"https:\/\/www.jastrzebie.lask.com.pl\/index.php\/wp-json\/wp\/v2\/posts"}],"about":[{"href":"https:\/\/www.jastrzebie.lask.com.pl\/index.php\/wp-json\/wp\/v2\/types\/post"}],"author":[{"embeddable":true,"href":"https:\/\/www.jastrzebie.lask.com.pl\/index.php\/wp-json\/wp\/v2\/users\/1"}],"replies":[{"embeddable":true,"href":"https:\/\/www.jastrzebie.lask.com.pl\/index.php\/wp-json\/wp\/v2\/comments?post=3428"}],"version-history":[{"count":1,"href":"https:\/\/www.jastrzebie.lask.com.pl\/index.php\/wp-json\/wp\/v2\/posts\/3428\/revisions"}],"predecessor-version":[{"id":3429,"href":"https:\/\/www.jastrzebie.lask.com.pl\/index.php\/wp-json\/wp\/v2\/posts\/3428\/revisions\/3429"}],"wp:attachment":[{"href":"https:\/\/www.jastrzebie.lask.com.pl\/index.php\/wp-json\/wp\/v2\/media?parent=3428"}],"wp:term":[{"taxonomy":"category","embeddable":true,"href":"https:\/\/www.jastrzebie.lask.com.pl\/index.php\/wp-json\/wp\/v2\/categories?post=3428"},{"taxonomy":"post_tag","embeddable":true,"href":"https:\/\/www.jastrzebie.lask.com.pl\/index.php\/wp-json\/wp\/v2\/tags?post=3428"}],"curies":[{"name":"wp","href":"https:\/\/api.w.org\/{rel}","templated":true}]}}