{"id":3512,"date":"2014-08-28T00:13:48","date_gmt":"2014-08-27T22:13:48","guid":{"rendered":"http:\/\/www.jastrzebie.lask.com.pl\/?p=3512"},"modified":"2014-09-04T21:41:36","modified_gmt":"2014-09-04T19:41:36","slug":"nagrody-w-iv-rajdzie-mtb","status":"publish","type":"post","link":"https:\/\/www.jastrzebie.lask.com.pl\/index.php\/2014\/08\/nagrody-w-iv-rajdzie-mtb\/","title":{"rendered":"Nagrody w IV Rajdzie MTB"},"content":{"rendered":"<p>W\u015br\u00f3d nagr\u00f3d znajda si\u0119 :<br \/>\n&#8211; dwa trena\u017cery<br \/>\n&#8211; markowe koszule z Kastora<br \/>\n&#8211; sk\u00f3rzane torby i paski z firmy Wask\u00f3r II (Gorczyn)<br \/>\n&#8211; pokrowce na ko\u0142a i ramy z firmy AMPO (Kolumna)<br \/>\n&#8211; zestawy do kosmetyki aut (i rower\u00f3w) od firmy Rataj (\u0141ask)<\/p>\n<p>prawdopodobnie r\u00f3wnie\u017c produkty marki BRUBECK<\/p>\n<p>Pierwsze 100 os\u00f3b kt\u00f3re op\u0142ac\u0105 start w maratonie otrzyma w pakiecie startowym wysokiej jako\u015bci koszulk\u0119 sportow\u0105 marki Fruit of the Loom<\/p>\n","protected":false},"excerpt":{"rendered":"<p>W\u015br\u00f3d nagr\u00f3d znajda si\u0119 : &#8211; dwa trena\u017cery &#8211; markowe koszule z Kastora &#8211; sk\u00f3rzane torby i paski z firmy Wask\u00f3r II (Gorczyn) &#8211; pokrowce na ko\u0142a i ramy z firmy AMPO (Kolumna) &#8211; zestawy do kosmetyki aut (i rower\u00f3w) &hellip; <a href=\"https:\/\/www.jastrzebie.lask.com.pl\/index.php\/2014\/08\/nagrody-w-iv-rajdzie-mtb\/\">Czytaj dalej <span class=\"meta-nav\">&rarr;<\/span><\/a><\/p>\n","protected":false},"author":120,"featured_media":0,"comment_status":"open","ping_status":"open","sticky":false,"template":"","format":"standard","meta":{"footnotes":""},"categories":[1],"tags":[],"class_list":["post-3512","post","type-post","status-publish","format-standard","hentry","category-bez-kategorii"],"_links":{"self":[{"href":"https:\/\/www.jastrzebie.lask.com.pl\/index.php\/wp-json\/wp\/v2\/posts\/3512","targetHints":{"allow":["GET"]}}],"collection":[{"href":"https:\/\/www.jastrzebie.lask.com.pl\/index.php\/wp-json\/wp\/v2\/posts"}],"about":[{"href":"https:\/\/www.jastrzebie.lask.com.pl\/index.php\/wp-json\/wp\/v2\/types\/post"}],"author":[{"embeddable":true,"href":"https:\/\/www.jastrzebie.lask.com.pl\/index.php\/wp-json\/wp\/v2\/users\/120"}],"replies":[{"embeddable":true,"href":"https:\/\/www.jastrzebie.lask.com.pl\/index.php\/wp-json\/wp\/v2\/comments?post=3512"}],"version-history":[{"count":6,"href":"https:\/\/www.jastrzebie.lask.com.pl\/index.php\/wp-json\/wp\/v2\/posts\/3512\/revisions"}],"predecessor-version":[{"id":3537,"href":"https:\/\/www.jastrzebie.lask.com.pl\/index.php\/wp-json\/wp\/v2\/posts\/3512\/revisions\/3537"}],"wp:attachment":[{"href":"https:\/\/www.jastrzebie.lask.com.pl\/index.php\/wp-json\/wp\/v2\/media?parent=3512"}],"wp:term":[{"taxonomy":"category","embeddable":true,"href":"https:\/\/www.jastrzebie.lask.com.pl\/index.php\/wp-json\/wp\/v2\/categories?post=3512"},{"taxonomy":"post_tag","embeddable":true,"href":"https:\/\/www.jastrzebie.lask.com.pl\/index.php\/wp-json\/wp\/v2\/tags?post=3512"}],"curies":[{"name":"wp","href":"https:\/\/api.w.org\/{rel}","templated":true}]}}