{"id":3596,"date":"2015-01-10T07:56:45","date_gmt":"2015-01-10T05:56:45","guid":{"rendered":"http:\/\/www.jastrzebie.lask.com.pl\/?p=3596"},"modified":"2015-01-12T17:01:06","modified_gmt":"2015-01-12T15:01:06","slug":"jastrzebie-dla-wosp","status":"publish","type":"post","link":"https:\/\/www.jastrzebie.lask.com.pl\/index.php\/2015\/01\/jastrzebie-dla-wosp\/","title":{"rendered":"Jastrz\u0119bie dla WO\u015aP"},"content":{"rendered":"<p>Ju\u017c w najbli\u017csz\u0105 niedziele tj. 11.01.2015 podczas fina\u0142u Wielkiej Orkiestry \u015awi\u0105tecznej Pomocy <strong>Grupa Motocyklowa APC Moto Pasja<\/strong> wsp\u00f3lnie ze<strong> Stowarzyszeniem \u201eAkcja dla kolarstwa\u201d<\/strong> oraz <strong>Klubem Rowerowym \u201eJastrz\u0119bie \u0141askie\u201d<\/strong> tradycyjnie b\u0119dzie zdobi\u0107 Rynek Manufaktury w \u0141odzi.<\/p>\n<p><a href=\"http:\/\/www.jastrzebie.lask.com.pl\/wp-content\/uploads\/2015\/01\/WOSP.jpg\"><img loading=\"lazy\" decoding=\"async\" class=\"alignleft  wp-image-3598\" alt=\"WOSP\" src=\"http:\/\/www.jastrzebie.lask.com.pl\/wp-content\/uploads\/2015\/01\/WOSP-432x1024.jpg\" width=\"302\" height=\"717\" srcset=\"https:\/\/www.jastrzebie.lask.com.pl\/wp-content\/uploads\/2015\/01\/WOSP-432x1024.jpg 432w, https:\/\/www.jastrzebie.lask.com.pl\/wp-content\/uploads\/2015\/01\/WOSP-126x300.jpg 126w\" sizes=\"auto, (max-width: 302px) 100vw, 302px\" \/><\/a>Tu\u017c przy g\u0142\u00f3wnym wej\u015bciu do centrum handlowego pod namiotem b\u0119dziemy prezentowa\u0107 10 naszych maszyn, kt\u00f3re w sezonie 2014 uczestniczy\u0142y w najwi\u0119kszych wy\u015bcigach kolarskich w Polsce oraz bra\u0142y udzia\u0142 w konwoju takich gwiazd jak: Boney M, Maryla Rodowicz, Piersi, Rafa\u0142 Brzozowski, Video, Hurt czy Micha\u0142 Wi\u015bniewski i wielu innych. Cz\u0142onkowie grupy ch\u0119tnie opowiedz\u0105 o swoich prze\u017cyciach podczas s\u0119dziowania wy\u015bcig\u00f3w oraz zabezpieczenia tras wy\u015bcig\u00f3w.<\/p>\n<p>Zapraszamy w godzinach 9:30 do 20:00. B\u0119dzie mo\u017cna r\u00f3wnie\u017c uczestniczy\u0107 w pokazie ratowania poszkodowanego motocyklisty &#8211; prezentacje oraz instruktarz b\u0119dzie przeprowadza\u0142 nasz ratownik medyczny Krzysztof Bomba. W naszym namiocie b\u0119dzie mo\u017cna zakupi\u0107 jak i wylicytowa\u0107 unikaln\u0105 koszulk\u0119 kolarsk\u0105 z jednego z mi\u0119dzynarodowych wy\u015bcig\u00f3w kolarskich. Dzi\u0119ki \u201eJastrz\u0119biom \u0141askim\u201d b\u0119dzie mo\u017cna zobaczy\u0107 profesjonalny rower dla zawodowc\u00f3w, kt\u00f3rzy \u015bcigaj\u0105 si\u0119 na tzw. \u201eczas\u00f3wkach\u201d. B\u0119dzie mo\u017cna r\u00f3wnie\u017c zakupi\u0107 b\u0105d\u017a wylicytowa\u0107 unikalne koszulki z IV Rajdu MTB Jastrz\u0119bi \u0141askich. Gwiazd\u0105 wieczoru b\u0119dzie Patrycja Markowska &#8211; serdecznie zapraszamy !<\/p>\n<p>Je\u015bli b\u0119dziesz chcia\u0142 wrzuci\u0107 zeta b\u0105d\u017a wi\u0119cej i wspom\u00f3c &#8211; przyje\u017cd\u017caj do Manufaktury !!!! Nasze bryki w tym roku r\u00f3wnie\u017c b\u0119dziesz m\u00f3g\u0142 dotkn\u0105\u0107, dosi\u0105\u015b\u0107 i porozmawia\u0107 z cz\u0142onkami jedynej w swoim rodzaju i jedynej w Polsce &#8211; s\u0142awnej ju\u017c Grupy Motocyklowej APC Moto Pasja !!!!<\/p>\n<p>Robert P\u0142\u00f3ciennik<br \/>\nPrzewodnicz\u0105cy Grupy Motocyklowej APC Moto Pasja<\/p>\n","protected":false},"excerpt":{"rendered":"<p>Ju\u017c w najbli\u017csz\u0105 niedziele tj. 11.01.2015 podczas fina\u0142u Wielkiej Orkiestry \u015awi\u0105tecznej Pomocy Grupa Motocyklowa APC Moto Pasja wsp\u00f3lnie ze Stowarzyszeniem \u201eAkcja dla kolarstwa\u201d oraz Klubem Rowerowym \u201eJastrz\u0119bie \u0141askie\u201d tradycyjnie b\u0119dzie zdobi\u0107 Rynek Manufaktury w \u0141odzi. Tu\u017c przy g\u0142\u00f3wnym wej\u015bciu do &hellip; <a href=\"https:\/\/www.jastrzebie.lask.com.pl\/index.php\/2015\/01\/jastrzebie-dla-wosp\/\">Czytaj dalej <span class=\"meta-nav\">&rarr;<\/span><\/a><\/p>\n","protected":false},"author":1,"featured_media":0,"comment_status":"open","ping_status":"open","sticky":false,"template":"","format":"standard","meta":{"footnotes":""},"categories":[1],"tags":[],"class_list":["post-3596","post","type-post","status-publish","format-standard","hentry","category-bez-kategorii"],"_links":{"self":[{"href":"https:\/\/www.jastrzebie.lask.com.pl\/index.php\/wp-json\/wp\/v2\/posts\/3596","targetHints":{"allow":["GET"]}}],"collection":[{"href":"https:\/\/www.jastrzebie.lask.com.pl\/index.php\/wp-json\/wp\/v2\/posts"}],"about":[{"href":"https:\/\/www.jastrzebie.lask.com.pl\/index.php\/wp-json\/wp\/v2\/types\/post"}],"author":[{"embeddable":true,"href":"https:\/\/www.jastrzebie.lask.com.pl\/index.php\/wp-json\/wp\/v2\/users\/1"}],"replies":[{"embeddable":true,"href":"https:\/\/www.jastrzebie.lask.com.pl\/index.php\/wp-json\/wp\/v2\/comments?post=3596"}],"version-history":[{"count":2,"href":"https:\/\/www.jastrzebie.lask.com.pl\/index.php\/wp-json\/wp\/v2\/posts\/3596\/revisions"}],"predecessor-version":[{"id":3599,"href":"https:\/\/www.jastrzebie.lask.com.pl\/index.php\/wp-json\/wp\/v2\/posts\/3596\/revisions\/3599"}],"wp:attachment":[{"href":"https:\/\/www.jastrzebie.lask.com.pl\/index.php\/wp-json\/wp\/v2\/media?parent=3596"}],"wp:term":[{"taxonomy":"category","embeddable":true,"href":"https:\/\/www.jastrzebie.lask.com.pl\/index.php\/wp-json\/wp\/v2\/categories?post=3596"},{"taxonomy":"post_tag","embeddable":true,"href":"https:\/\/www.jastrzebie.lask.com.pl\/index.php\/wp-json\/wp\/v2\/tags?post=3596"}],"curies":[{"name":"wp","href":"https:\/\/api.w.org\/{rel}","templated":true}]}}