{"id":4384,"date":"2016-05-20T12:33:21","date_gmt":"2016-05-20T10:33:21","guid":{"rendered":"http:\/\/www.jastrzebie.lask.com.pl\/?p=4384"},"modified":"2016-05-20T12:33:58","modified_gmt":"2016-05-20T10:33:58","slug":"supermaraton-jastrzebim-okiem","status":"publish","type":"post","link":"https:\/\/www.jastrzebie.lask.com.pl\/index.php\/2016\/05\/supermaraton-jastrzebim-okiem\/","title":{"rendered":"Supermaraton jastrz\u0119bim okiem"},"content":{"rendered":"<p><a href=\"http:\/\/www.jastrzebie.lask.com.pl\/wp-content\/uploads\/2016\/05\/plansza.png\"><img loading=\"lazy\" decoding=\"async\" src=\"http:\/\/www.jastrzebie.lask.com.pl\/wp-content\/uploads\/2016\/05\/plansza-169x300.png\" alt=\"plansza\" width=\"169\" height=\"300\" class=\"alignleft size-medium wp-image-4385\" srcset=\"https:\/\/www.jastrzebie.lask.com.pl\/wp-content\/uploads\/2016\/05\/plansza-169x300.png 169w, https:\/\/www.jastrzebie.lask.com.pl\/wp-content\/uploads\/2016\/05\/plansza-576x1024.png 576w, https:\/\/www.jastrzebie.lask.com.pl\/wp-content\/uploads\/2016\/05\/plansza-113x200.png 113w, https:\/\/www.jastrzebie.lask.com.pl\/wp-content\/uploads\/2016\/05\/plansza.png 1082w\" sizes=\"auto, (max-width: 169px) 100vw, 169px\" \/><\/a>Mi\u0142o nam poinformowa\u0107, \u017ce na tegorocznym Supermaratonie Jastrz\u0119bi \u0141askich zostan\u0105 wykonane zdj\u0119cia oraz film z lotu&#8230; jastrz\u0119bia :)<\/p>\n<p>&#8222;Sp\u00f3jrz na wszystko z g\u00f3ry&#8221; to motto projektu &#8222;Startdronem&#8221;, kt\u00f3ry zapewni nam uj\u0119cia z perspektywy dot\u0105d nieosi\u0105galnej.<\/p>\n<p>Zach\u0119camy do odwiedzenia profilu FB:<br \/>\n<a href=\"https:\/\/www.facebook.com\/startdronem\/\">https:\/\/www.facebook.com\/startdronem\/<\/a><\/p>\n","protected":false},"excerpt":{"rendered":"<p>Mi\u0142o nam poinformowa\u0107, \u017ce na tegorocznym Supermaratonie Jastrz\u0119bi \u0141askich zostan\u0105 wykonane zdj\u0119cia oraz film z lotu&#8230; jastrz\u0119bia :) &#8222;Sp\u00f3jrz na wszystko z g\u00f3ry&#8221; to motto projektu &#8222;Startdronem&#8221;, kt\u00f3ry zapewni nam uj\u0119cia z perspektywy dot\u0105d nieosi\u0105galnej. Zach\u0119camy do odwiedzenia profilu FB: &hellip; <a href=\"https:\/\/www.jastrzebie.lask.com.pl\/index.php\/2016\/05\/supermaraton-jastrzebim-okiem\/\">Czytaj dalej <span class=\"meta-nav\">&rarr;<\/span><\/a><\/p>\n","protected":false},"author":1,"featured_media":0,"comment_status":"open","ping_status":"open","sticky":false,"template":"","format":"standard","meta":{"footnotes":""},"categories":[1],"tags":[],"class_list":["post-4384","post","type-post","status-publish","format-standard","hentry","category-bez-kategorii"],"_links":{"self":[{"href":"https:\/\/www.jastrzebie.lask.com.pl\/index.php\/wp-json\/wp\/v2\/posts\/4384","targetHints":{"allow":["GET"]}}],"collection":[{"href":"https:\/\/www.jastrzebie.lask.com.pl\/index.php\/wp-json\/wp\/v2\/posts"}],"about":[{"href":"https:\/\/www.jastrzebie.lask.com.pl\/index.php\/wp-json\/wp\/v2\/types\/post"}],"author":[{"embeddable":true,"href":"https:\/\/www.jastrzebie.lask.com.pl\/index.php\/wp-json\/wp\/v2\/users\/1"}],"replies":[{"embeddable":true,"href":"https:\/\/www.jastrzebie.lask.com.pl\/index.php\/wp-json\/wp\/v2\/comments?post=4384"}],"version-history":[{"count":2,"href":"https:\/\/www.jastrzebie.lask.com.pl\/index.php\/wp-json\/wp\/v2\/posts\/4384\/revisions"}],"predecessor-version":[{"id":4387,"href":"https:\/\/www.jastrzebie.lask.com.pl\/index.php\/wp-json\/wp\/v2\/posts\/4384\/revisions\/4387"}],"wp:attachment":[{"href":"https:\/\/www.jastrzebie.lask.com.pl\/index.php\/wp-json\/wp\/v2\/media?parent=4384"}],"wp:term":[{"taxonomy":"category","embeddable":true,"href":"https:\/\/www.jastrzebie.lask.com.pl\/index.php\/wp-json\/wp\/v2\/categories?post=4384"},{"taxonomy":"post_tag","embeddable":true,"href":"https:\/\/www.jastrzebie.lask.com.pl\/index.php\/wp-json\/wp\/v2\/tags?post=4384"}],"curies":[{"name":"wp","href":"https:\/\/api.w.org\/{rel}","templated":true}]}}