{"id":690,"date":"2011-05-24T09:12:58","date_gmt":"2011-05-24T09:12:58","guid":{"rendered":"http:\/\/www.jastrzebie.lask.com.pl\/?p=690"},"modified":"2011-05-25T15:30:55","modified_gmt":"2011-05-25T15:30:55","slug":"zmarl-slawek-czuba","status":"publish","type":"post","link":"https:\/\/www.jastrzebie.lask.com.pl\/index.php\/2011\/05\/zmarl-slawek-czuba\/","title":{"rendered":"Zmar\u0142 S\u0142awek Czuba"},"content":{"rendered":"<p>W ostatnich dniach spotka\u0142a nas wielka tragedia \u2013 zmar\u0142 nagle nasz wielki kolega i&nbsp;przyjaciel S\u0142awek Czuba. S\u0142awek od samego pocz\u0105tku bra\u0142 udzia\u0142 w organizacji supermaratonu, s\u0142u\u017cy\u0142 pomoc\u0105 i rad\u0105. Mia\u0142 r\u00f3wnie\u017c pe\u0142ni\u0107 funkcj\u0119 S\u0119dziego G\u0142\u00f3wnego zawod\u00f3w&#8230;<\/p>\n","protected":false},"excerpt":{"rendered":"<p>W ostatnich dniach spotka\u0142a nas wielka tragedia \u2013 zmar\u0142 nagle nasz wielki kolega i&nbsp;przyjaciel S\u0142awek Czuba. S\u0142awek od samego pocz\u0105tku bra\u0142 udzia\u0142 w organizacji supermaratonu, s\u0142u\u017cy\u0142 pomoc\u0105 i rad\u0105. Mia\u0142 r\u00f3wnie\u017c pe\u0142ni\u0107 funkcj\u0119 S\u0119dziego G\u0142\u00f3wnego zawod\u00f3w&#8230;<\/p>\n","protected":false},"author":1,"featured_media":0,"comment_status":"open","ping_status":"open","sticky":false,"template":"","format":"standard","meta":{"footnotes":""},"categories":[1],"tags":[],"class_list":["post-690","post","type-post","status-publish","format-standard","hentry","category-bez-kategorii"],"_links":{"self":[{"href":"https:\/\/www.jastrzebie.lask.com.pl\/index.php\/wp-json\/wp\/v2\/posts\/690","targetHints":{"allow":["GET"]}}],"collection":[{"href":"https:\/\/www.jastrzebie.lask.com.pl\/index.php\/wp-json\/wp\/v2\/posts"}],"about":[{"href":"https:\/\/www.jastrzebie.lask.com.pl\/index.php\/wp-json\/wp\/v2\/types\/post"}],"author":[{"embeddable":true,"href":"https:\/\/www.jastrzebie.lask.com.pl\/index.php\/wp-json\/wp\/v2\/users\/1"}],"replies":[{"embeddable":true,"href":"https:\/\/www.jastrzebie.lask.com.pl\/index.php\/wp-json\/wp\/v2\/comments?post=690"}],"version-history":[{"count":8,"href":"https:\/\/www.jastrzebie.lask.com.pl\/index.php\/wp-json\/wp\/v2\/posts\/690\/revisions"}],"predecessor-version":[{"id":698,"href":"https:\/\/www.jastrzebie.lask.com.pl\/index.php\/wp-json\/wp\/v2\/posts\/690\/revisions\/698"}],"wp:attachment":[{"href":"https:\/\/www.jastrzebie.lask.com.pl\/index.php\/wp-json\/wp\/v2\/media?parent=690"}],"wp:term":[{"taxonomy":"category","embeddable":true,"href":"https:\/\/www.jastrzebie.lask.com.pl\/index.php\/wp-json\/wp\/v2\/categories?post=690"},{"taxonomy":"post_tag","embeddable":true,"href":"https:\/\/www.jastrzebie.lask.com.pl\/index.php\/wp-json\/wp\/v2\/tags?post=690"}],"curies":[{"name":"wp","href":"https:\/\/api.w.org\/{rel}","templated":true}]}}