{"id":846,"date":"2011-06-08T21:35:56","date_gmt":"2011-06-08T21:35:56","guid":{"rendered":"http:\/\/www.jastrzebie.lask.com.pl\/?p=846"},"modified":"2011-06-08T22:42:02","modified_gmt":"2011-06-08T22:42:02","slug":"zapraszamy-na-xv-jarmark-laski","status":"publish","type":"post","link":"https:\/\/www.jastrzebie.lask.com.pl\/index.php\/2011\/06\/zapraszamy-na-xv-jarmark-laski\/","title":{"rendered":"Zapraszamy na XV Jarmark \u0141aski"},"content":{"rendered":"<p>Uczestnikom I Supermaratonu Jastrz\u0119bi \u0141askich przypominamy o tym, \u017ce dzie\u0144 wcze\u015bniej (w&nbsp;sobot\u0119&nbsp;11&nbsp;czerwca) odb\u0119dzie si\u0119 XV Jarmark \u0141aski. W programie mi\u0119dzy innymi wyst\u0119p zespo\u0142\u00f3w ENEJ, AKURAT oraz T.LOVE.<br \/>\nSzczeg\u00f3\u0142owy program Jarmarku na stronie <a href=\"http:\/\/www.lask.pl\/\">www.lask.pl<\/a><\/p>\n","protected":false},"excerpt":{"rendered":"<p>Uczestnikom I Supermaratonu Jastrz\u0119bi \u0141askich przypominamy o tym, \u017ce dzie\u0144 wcze\u015bniej (w&nbsp;sobot\u0119&nbsp;11&nbsp;czerwca) odb\u0119dzie si\u0119 XV Jarmark \u0141aski. W programie mi\u0119dzy innymi wyst\u0119p zespo\u0142\u00f3w ENEJ, AKURAT oraz T.LOVE. Szczeg\u00f3\u0142owy program Jarmarku na stronie www.lask.pl<\/p>\n","protected":false},"author":1,"featured_media":0,"comment_status":"open","ping_status":"open","sticky":false,"template":"","format":"standard","meta":{"footnotes":""},"categories":[1],"tags":[],"class_list":["post-846","post","type-post","status-publish","format-standard","hentry","category-bez-kategorii"],"_links":{"self":[{"href":"https:\/\/www.jastrzebie.lask.com.pl\/index.php\/wp-json\/wp\/v2\/posts\/846","targetHints":{"allow":["GET"]}}],"collection":[{"href":"https:\/\/www.jastrzebie.lask.com.pl\/index.php\/wp-json\/wp\/v2\/posts"}],"about":[{"href":"https:\/\/www.jastrzebie.lask.com.pl\/index.php\/wp-json\/wp\/v2\/types\/post"}],"author":[{"embeddable":true,"href":"https:\/\/www.jastrzebie.lask.com.pl\/index.php\/wp-json\/wp\/v2\/users\/1"}],"replies":[{"embeddable":true,"href":"https:\/\/www.jastrzebie.lask.com.pl\/index.php\/wp-json\/wp\/v2\/comments?post=846"}],"version-history":[{"count":3,"href":"https:\/\/www.jastrzebie.lask.com.pl\/index.php\/wp-json\/wp\/v2\/posts\/846\/revisions"}],"predecessor-version":[{"id":848,"href":"https:\/\/www.jastrzebie.lask.com.pl\/index.php\/wp-json\/wp\/v2\/posts\/846\/revisions\/848"}],"wp:attachment":[{"href":"https:\/\/www.jastrzebie.lask.com.pl\/index.php\/wp-json\/wp\/v2\/media?parent=846"}],"wp:term":[{"taxonomy":"category","embeddable":true,"href":"https:\/\/www.jastrzebie.lask.com.pl\/index.php\/wp-json\/wp\/v2\/categories?post=846"},{"taxonomy":"post_tag","embeddable":true,"href":"https:\/\/www.jastrzebie.lask.com.pl\/index.php\/wp-json\/wp\/v2\/tags?post=846"}],"curies":[{"name":"wp","href":"https:\/\/api.w.org\/{rel}","templated":true}]}}